{"id":199,"date":"2022-02-26T10:00:13","date_gmt":"2022-02-26T10:00:13","guid":{"rendered":"http:\/\/vuszuka.portalis.hu\/?p=199"},"modified":"2022-02-27T10:23:04","modified_gmt":"2022-02-27T10:23:04","slug":"meghivo","status":"publish","type":"post","link":"https:\/\/www.szuletik.hu\/?p=199","title":{"rendered":"MEGH\u00cdV\u00d3"},"content":{"rendered":"\n<p><strong>\u201ePARTNERI EGY\u00dcTTM\u0170K\u00d6D\u00c9S A CSAL\u00c1DOK GONDOZ\u00c1S\u00c1BAN \u2013<\/strong> <strong>\u00daJ FEJLESZT\u00c9SEK EUR\u00d3PA J\u00d6V\u0150J\u00c9\u00c9RT\u201d<\/strong><\/p>\n\n\n\n<p>A csal\u00e1dok eg\u00e9szs\u00e9gismeret\u00e9nek \u00e9s eg\u00e9szs\u00e9gmagatart\u00e1s\u00e1nak fejleszt\u00e9se komoly kih\u00edv\u00e1st jelent minden, az ell\u00e1t\u00e1sukban r\u00e9sztvev\u0151 szakter\u00fclet sz\u00e1m\u00e1ra, amelyben kiemelked\u0151 r\u00e9sze van a v\u00e9d\u0151n\u0151i ell\u00e1t\u00e1snak, ugyanakkor mind ezek \u00f6sszehangolt, partneri egy\u00fcttm\u0171k\u00f6d\u00e9s\u00e9nek is.<\/p>\n\n\n\n<p>A konferenci\u00e1n bemutat\u00e1sra ker\u00fclnek olyan fejleszt\u00e9si projektek, amelyek a lakoss\u00e1ggal val\u00f3 jobb \u00e9s hat\u00e9konyabb kapcsolatot, jobb kommunik\u00e1ci\u00f3t, ell\u00e1t\u00e1sszervez\u00e9st eredm\u00e9nyeztek.&nbsp;<\/p>\n\n\n\n<figure class=\"wp-block-image size-large\"><img loading=\"lazy\" decoding=\"async\" width=\"1024\" height=\"256\" src=\"http:\/\/vuszuka.portalis.hu\/wp-content\/uploads\/2022\/02\/eumvszsz-1024x256.png\" alt=\"\" class=\"wp-image-138\" srcset=\"https:\/\/www.szuletik.hu\/wp-content\/uploads\/2022\/02\/eumvszsz-1024x256.png 1024w, https:\/\/www.szuletik.hu\/wp-content\/uploads\/2022\/02\/eumvszsz-300x75.png 300w, https:\/\/www.szuletik.hu\/wp-content\/uploads\/2022\/02\/eumvszsz-768x192.png 768w, https:\/\/www.szuletik.hu\/wp-content\/uploads\/2022\/02\/eumvszsz-1536x384.png 1536w, https:\/\/www.szuletik.hu\/wp-content\/uploads\/2022\/02\/eumvszsz-2048x512.png 2048w, https:\/\/www.szuletik.hu\/wp-content\/uploads\/2022\/02\/eumvszsz-150x38.png 150w, https:\/\/www.szuletik.hu\/wp-content\/uploads\/2022\/02\/eumvszsz-250x63.png 250w\" sizes=\"auto, (max-width: 1024px) 100vw, 1024px\" \/><\/figure>\n\n\n\n<!--more-->\n\n\n\n<p>A V\u00e9d\u0151n\u0151k\u00e9rt, \u00faj sz\u00fcl\u0151k \u00e9s \u00fajsz\u00fcl\u00f6ttek\u00e9rt Alap\u00edtv\u00e1ny a Konferencia Eur\u00f3pa J\u00f6v\u0151j\u00e9r\u0151l programsorozat keret\u00e9ben <strong>\u201ePartneri egy\u00fcttm\u0171k\u00f6d\u00e9s a csal\u00e1dok gondoz\u00e1s\u00e1ban \u2013 \u00faj fejleszt\u00e9sek Eur\u00f3pa j\u00f6v\u0151j\u00e9\u00e9rt\u201d<\/strong> c\u00edmmel, m\u0171helykonferenci\u00e1t szervez. A program a Minisztereln\u00f6ks\u00e9g t\u00e1mogat\u00e1s\u00e1val, \u201eAz Eur\u00f3pa j\u00f6v\u0151j\u00e9r\u0151l sz\u00f3l\u00f3 konferenciasorozathoz kapcsol\u00f3d\u00f3 rendezv\u00e9nyek t\u00e1mogat\u00e1sa\u201d c\u00edm\u0171 projekt keret\u00e9ben val\u00f3sul meg.<\/p>\n\n\n\n<p><strong>A rendezv\u00e9ny f\u0151v\u00e9dn\u00f6ke: <\/strong>Zsig\u00f3 R\u00f3bert csal\u00e1d\u00fcgyek\u00e9rt felel\u0151s \u00e1llamtitk\u00e1r Minisztereln\u00f6ks\u00e9g<\/p>\n\n\n\n<p><strong>A rendezv\u00e9ny id\u0151pontja \u00e9s helysz\u00edne: <\/strong>2022. m\u00e1rcius 4., P\u00e1rbesz\u00e9d H\u00e1za \u2013 Pedro Arrupe terem (1085 Budapest, Hor\u00e1nszky utca 20.)<\/p>\n\n\n\n<p><strong>PROGRAM<\/strong><\/p>\n\n\n\n<p>09:30 \u2013 10:00&nbsp;&nbsp; REGISZTR\u00c1CI\u00d3<\/p>\n\n\n\n<p>10.00-11.30<\/p>\n\n\n\n<ul class=\"wp-block-list\"><li><strong>\u00dcdv\u00f6zl\u00e9s<\/strong> &#8211; <strong>V\u00e1rfalvi Marianna<\/strong> eln\u00f6k, V\u00e9d\u0151n\u0151k\u00e9rt, \u00faj sz\u00fcl\u0151k \u00e9s \u00fajsz\u00fcl\u00f6ttek\u00e9rt Alap\u00edtv\u00e1ny<\/li><li><strong>Csal\u00e1dbar\u00e1t t\u00e1rsadalom ir\u00e1nyai \u00e9s a megtett hazai int\u00e9zked\u00e9sek &#8211; Dr. Beneda Attila<\/strong> csal\u00e1dok\u00e9rt felel\u0151s t\u00e1rca n\u00e9lk\u00fcli minisztercsal\u00e1dok\u00e9rt felel\u0151s helyettes \u00e1llamtitk\u00e1r, Minisztereln\u00f6ks\u00e9g<\/li><li><strong>Csal\u00e1dv\u00e9delem = Eg\u00e9szs\u00e9gv\u00e9delem<\/strong> &#8211; <strong>F\u0171r\u00e9sz T\u00fcnde<\/strong> eln\u00f6k, &#8211; Kopp M\u00e1ria Int\u00e9zet a N\u00e9pesed\u00e9s\u00e9rt \u00e9s a Csal\u00e1dok\u00e9rt<\/li><li><strong>A n\u00e9peg\u00e9szs\u00e9g\u00fcgy \u00e9s a prevenci\u00f3 ir\u00e1ny\u00edt\u00e1sa, a csal\u00e1dok eg\u00e9szs\u00e9gfejleszt\u00e9se<\/strong> &#8211; <strong>B\u00e1bin\u00e9 Szottfried Gabriella<\/strong>, f\u0151igazgat\u00f3-helyettes &#8211; Orsz\u00e1gos K\u00f3rh\u00e1zi F\u0151igazgat\u00f3s\u00e1g<\/li><li><strong>Partneri egy\u00fcttm\u0171k\u00f6d\u00e9s az iskolai eg\u00e9szs\u00e9gfejleszt\u00e9s seg\u00edt\u00e9s\u00e9re<\/strong> &#8211; <strong>Dr. Somhegyi Annam\u00e1ria<\/strong> PhD, prevenci\u00f3s igazgat\u00f3 &#8211; Orsz\u00e1gos Gerincgy\u00f3gy\u00e1szati K\u00f6zpont<\/li><li><strong>Koragyermekkori fejleszt\u00e9s hat\u00e9konyabb\u00e1 t\u00e9tele telep\u00fcl\u00e9si \u00e9s partneri egy\u00fcttm\u0171k\u00f6d\u00e9sek keret\u00e9ben Ny\u00edregyh\u00e1z\u00e1n<\/strong> &#8211; <strong>Dr. R\u00e1k\u00f3czi Ildik\u00f3 <\/strong>PhD &#8211; Prevenci\u00f3s Kutat\u00e1s-fejleszt\u00e9si K\u00f6zpont vezet\u0151je, mintahelysz\u00edn koordin\u00e1tor \u2013 Magyar V\u00e9d\u0151n\u0151k Szakmai Sz\u00f6vets\u00e9ge (MVSZSZ)<\/li><\/ul>\n\n\n\n<p><strong>Hozz\u00e1sz\u00f3l\u00e1sok<\/strong><\/p>\n\n\n\n<p><strong>11.30- 12.00 Sz\u00fcnet <\/strong>(30 perc)<\/p>\n\n\n\n<p><strong>12.00- 13.00<\/strong><\/p>\n\n\n\n<ul class=\"wp-block-list\"><li><strong>Koragyermekkori fejleszt\u00e9s hat\u00e9konyabb\u00e1 t\u00e9tele telep\u00fcl\u00e9si \u00e9s partneri egy\u00fcttm\u0171k\u00f6d\u00e9sek keret\u00e9ben Tolna megy\u00e9ben<\/strong> &#8211; <strong>Horv\u00e1thn\u00e9 Kelemen Katalin<\/strong> ter\u00fcleti v\u00e9d\u0151n\u0151, MVSZSZ mintahelysz\u00edn koordin\u00e1tor<\/li><li><strong>H\u00e1tr\u00e1nyos helyzet\u0171 csal\u00e1dokat seg\u00edt\u0151 k\u00e9pz\u00e9s Bodrog-k\u00f6z 5 telep\u00fcl\u00e9s\u00e9n \u2013<\/strong> k\u00f6zmunka kipr\u00f3b\u00e1l\u00e1sa \u00faj, hum\u00e1n ter\u00fcleten &#8211; <strong><u>D\u00e9vain\u00e9 Goreczky Gizella<\/u><\/strong>, Keksz Andrea, V\u00e1rfalvi Marianna &#8211; MVSZSZ, V\u00e9d\u0151n\u0151k\u00e9rt, \u00faj sz\u00fcl\u0151k \u00e9s \u00fajsz\u00fcl\u00f6ttek\u00e9rt Alap\u00edtv\u00e1ny<\/li><li><strong>Telep\u00fcl\u00e9s eg\u00e9szs\u00e9gfelel\u0151s\u00f6k<\/strong> <strong>mentor\u00e1l\u00e1si programja Bodrog-k\u00f6z 5 telep\u00fcl\u00e9s\u00e9n \u2013<\/strong> <strong><u>V\u00e1rfalvi Marianna<\/u><\/strong>, D\u00e9vain\u00e9 Goreczky Gizella, Keksz Andrea &#8211; MVSZSZ \u00e9s V\u00e9d\u0151n\u0151k\u00e9rt, \u00faj sz\u00fcl\u0151k \u00e9s \u00fajsz\u00fcl\u00f6ttek\u00e9rt Alap\u00edtv\u00e1ny<\/li><li><strong>F\u00e9rfi, apa k\u00f6z\u00f6ss\u00e9gek megtart\u00f3 szerepe az identit\u00e1s \u00e9s csal\u00e1di \u00e9let meger\u0151s\u00edt\u00e9s\u00e9re<\/strong> &#8211;<\/li><li><strong>Dr. R\u00f3zsa D\u00e1niel<\/strong> titk\u00e1r, F\u00e9rfis\u00e1tor Egyes\u00fclet<\/li><li><strong>A K\u00e1rp\u00e1t-medence nemzetr\u00e9szeiben \u00e9l\u0151 magyar csal\u00e1dok gondoz\u00e1si ig\u00e9nyei, lehet\u0151s\u00e9gei egy nemzeti-nemzetk\u00f6zi partneri \u00f6sszefog\u00e1s keret\u00e9ben<\/strong> &#8211; <strong>M\u00e1rton Zsuzsanna<\/strong> eln\u00f6k, K\u00e1rp\u00e1t-medencei Csal\u00e1dszervezetek Sz\u00f6vets\u00e9ge<\/li><\/ul>\n\n\n\n<p><a><strong>Hozz\u00e1sz\u00f3l\u00e1sok<\/strong><\/a><\/p>\n\n\n\n<p><strong>Z\u00e1rsz\u00f3<\/strong><\/p>\n\n\n\n<p>13:30<strong>&nbsp; <\/strong>SZENDVICSEB\u00c9D<strong><\/strong><\/p>\n\n\n\n<p>Rendezv\u00e9nyeinkkel kapcsolatban tov\u00e1bbi inform\u00e1ci\u00f3kat kaphat az Alap\u00edtv\u00e1ny honlapj\u00e1n: vuszuka.portalis.hu \u00e9s az mvszsz.hu weboldalon.<\/p>\n\n\n\n<p>A rendezv\u00e9nyen val\u00f3 megjelen\u00e9s ingyenes, de el\u0151zetes regisztr\u00e1ci\u00f3hoz, helysz\u00edni jelenl\u00e9ti \u00edv kit\u00f6lt\u00e9s\u00e9hez, valamint a hat\u00e1lyos j\u00e1rv\u00e1ny\u00fcgyi szab\u00e1lyok betart\u00e1s\u00e1hoz k\u00f6t\u00f6tt. K\u00e9rj\u00fck, hogy a rendezv\u00e9nyre t\u00f6rt\u00e9n\u0151 jelentkez\u00e9s\u00e9t az al\u00e1bbi linkr\u0151l megny\u00edl\u00f3 fel\u00fclet kit\u00f6lt\u00e9s\u00e9vel sz\u00edveskedjen jelezni:<\/p>\n\n\n\n<p><strong><u>Regisztr\u00e1ci\u00f3:<\/u><\/strong> <a href=\"https:\/\/forms.gle\/EN6o3stMvrxHNyfB8\" target=\"_blank\" rel=\"noreferrer noopener\">https:\/\/forms.gle\/EN6o3stMvrxHNyfB8<\/a><\/p>\n\n\n\n<p><strong><u>Online r\u00e9szv\u00e9tel \u00e9s visszan\u00e9zhet\u0151s\u00e9g:<\/u><\/strong> <a href=\"https:\/\/us02web.zoom.us\/j\/82570471377?pwd=OVpUYXlHWitPTjh2Y0Jmc3BNUUQ0QT0\" target=\"_blank\" rel=\"noreferrer noopener\">https:\/\/us02web.zoom.us\/j\/82570471377?pwd=OVpUYXlHWitPTjh2Y0Jmc3BNUUQ0QT0<\/a><\/p>\n\n\n\n<p>T\u00e1j\u00e9koztatjuk, hogy a r\u00e9sztvev\u0151k biztons\u00e1ga \u00e9rdek\u00e9ben rendezv\u00e9ny\u00fcnk\u00f6n szem\u00e9lyesen legfeljebb 45 f\u0151 vehet r\u00e9szt. Azon jelentkez\u0151k, akik a l\u00e9tsz\u00e1mkeret betelte ut\u00e1n jelzik r\u00e9szv\u00e9teli sz\u00e1nd\u00e9kukat, online k\u00f6vethetik esem\u00e9ny\u00fcnket.<\/p>\n\n\n\n<p>Tisztelettel v\u00e1rjuk rendezv\u00e9ny\u00fcnkre!<\/p>\n\n\n\n<p>\u00dcdv\u00f6zlettel:<\/p>\n\n\n\n<p>V\u00e1rfalvi Marianna, eln\u00f6k<br>V\u00e9d\u0151n\u0151k\u00e9rt, \u00faj sz\u00fcl\u0151k \u00e9s \u00fajsz\u00fcl\u00f6ttek\u00e9rt Alap\u00edtv\u00e1ny<\/p>\n\n\n\n<p>Tov\u00e1bbi inform\u00e1ci\u00f3: +36\/20-2121-381, varfalvi.marianna@gmail.com<\/p>\n","protected":false},"excerpt":{"rendered":"<p>\u201ePARTNERI EGY\u00dcTTM\u0170K\u00d6D\u00c9S A CSAL\u00c1DOK GONDOZ\u00c1S\u00c1BAN \u2013 \u00daJ FEJLESZT\u00c9SEK EUR\u00d3PA J\u00d6V\u0150J\u00c9\u00c9RT\u201d A csal\u00e1dok eg\u00e9szs\u00e9gismeret\u00e9nek \u00e9s eg\u00e9szs\u00e9gmagatart\u00e1s\u00e1nak fejleszt\u00e9se komoly kih\u00edv\u00e1st jelent minden, az ell\u00e1t\u00e1sukban r\u00e9sztvev\u0151 szakter\u00fclet sz\u00e1m\u00e1ra, amelyben kiemelked\u0151 r\u00e9sze van a v\u00e9d\u0151n\u0151i ell\u00e1t\u00e1snak, ugyanakkor mind ezek \u00f6sszehangolt, partneri egy\u00fcttm\u0171k\u00f6d\u00e9s\u00e9nek is. A konferenci\u00e1n bemutat\u00e1sra ker\u00fclnek olyan fejleszt\u00e9si projektek, amelyek a lakoss\u00e1ggal val\u00f3&#8230; <a class=\"continue-reading-link\" href=\"https:\/\/www.szuletik.hu\/?p=199\">Cikk folytat\u00e1sa&#8230; <span class=\"meta-nav\">&rarr; <\/span><\/a><\/p>\n","protected":false},"author":1,"featured_media":138,"comment_status":"closed","ping_status":"open","sticky":false,"template":"","format":"standard","meta":{"footnotes":""},"categories":[4],"tags":[],"class_list":["post-199","post","type-post","status-publish","format-standard","has-post-thumbnail","hentry","category-hireink"],"_links":{"self":[{"href":"https:\/\/www.szuletik.hu\/index.php?rest_route=\/wp\/v2\/posts\/199","targetHints":{"allow":["GET"]}}],"collection":[{"href":"https:\/\/www.szuletik.hu\/index.php?rest_route=\/wp\/v2\/posts"}],"about":[{"href":"https:\/\/www.szuletik.hu\/index.php?rest_route=\/wp\/v2\/types\/post"}],"author":[{"embeddable":true,"href":"https:\/\/www.szuletik.hu\/index.php?rest_route=\/wp\/v2\/users\/1"}],"replies":[{"embeddable":true,"href":"https:\/\/www.szuletik.hu\/index.php?rest_route=%2Fwp%2Fv2%2Fcomments&post=199"}],"version-history":[{"count":2,"href":"https:\/\/www.szuletik.hu\/index.php?rest_route=\/wp\/v2\/posts\/199\/revisions"}],"predecessor-version":[{"id":203,"href":"https:\/\/www.szuletik.hu\/index.php?rest_route=\/wp\/v2\/posts\/199\/revisions\/203"}],"wp:featuredmedia":[{"embeddable":true,"href":"https:\/\/www.szuletik.hu\/index.php?rest_route=\/wp\/v2\/media\/138"}],"wp:attachment":[{"href":"https:\/\/www.szuletik.hu\/index.php?rest_route=%2Fwp%2Fv2%2Fmedia&parent=199"}],"wp:term":[{"taxonomy":"category","embeddable":true,"href":"https:\/\/www.szuletik.hu\/index.php?rest_route=%2Fwp%2Fv2%2Fcategories&post=199"},{"taxonomy":"post_tag","embeddable":true,"href":"https:\/\/www.szuletik.hu\/index.php?rest_route=%2Fwp%2Fv2%2Ftags&post=199"}],"curies":[{"name":"wp","href":"https:\/\/api.w.org\/{rel}","templated":true}]}}