{"id":208,"date":"2022-02-27T10:19:00","date_gmt":"2022-02-27T10:19:00","guid":{"rendered":"http:\/\/vuszuka.portalis.hu\/?p=208"},"modified":"2022-02-27T10:22:57","modified_gmt":"2022-02-27T10:22:57","slug":"rendezvenyek-europa-jovojerol","status":"publish","type":"post","link":"https:\/\/www.szuletik.hu\/?p=208","title":{"rendered":"Rendezv\u00e9nyek Eur\u00f3pa J\u00f6v\u0151j\u00e9r\u0151l"},"content":{"rendered":"\n<p><strong>A Magyar V\u00e9d\u0151n\u0151k Szakmai Sz\u00f6vets\u00e9ge a 2022. \u00e9vben csatlakozott az Eur\u00f3pai Uni\u00f3 \u00e1ltal szervezett, Konferencia Eur\u00f3pa J\u00f6v\u0151j\u00e9r\u0151l c\u00edm\u0171 programsorozathoz. A kontinens\u00fcnk\u00f6n \u00e1t\u00edvel\u0151 kezdem\u00e9nyez\u00e9s keret\u00e9ben az MVSZSZ a Minisztereln\u00f6ks\u00e9g t\u00e1mogat\u00e1s\u00e1val l\u00e9trej\u00f6v\u0151 \u201eAz Eur\u00f3pa j\u00f6v\u0151j\u00e9r\u0151l sz\u00f3l\u00f3 konferenciasorozathoz kapcsol\u00f3d\u00f3 rendezv\u00e9nyek t\u00e1mogat\u00e1sa\u201d c\u00edm\u0171 projektj\u00e9nek megval\u00f3s\u00edt\u00e1s\u00e1val t\u00f6bb szakmai rendezv\u00e9nyt szervez meg, az al\u00e1bbiak szerint:<\/strong><\/p>\n\n\n\n<figure class=\"wp-block-image size-large\"><img loading=\"lazy\" decoding=\"async\" width=\"1024\" height=\"256\" src=\"http:\/\/vuszuka.portalis.hu\/wp-content\/uploads\/2022\/02\/eumvszsz-1024x256.png\" alt=\"\" class=\"wp-image-138\" srcset=\"https:\/\/www.szuletik.hu\/wp-content\/uploads\/2022\/02\/eumvszsz-1024x256.png 1024w, https:\/\/www.szuletik.hu\/wp-content\/uploads\/2022\/02\/eumvszsz-300x75.png 300w, https:\/\/www.szuletik.hu\/wp-content\/uploads\/2022\/02\/eumvszsz-768x192.png 768w, https:\/\/www.szuletik.hu\/wp-content\/uploads\/2022\/02\/eumvszsz-1536x384.png 1536w, https:\/\/www.szuletik.hu\/wp-content\/uploads\/2022\/02\/eumvszsz-2048x512.png 2048w, https:\/\/www.szuletik.hu\/wp-content\/uploads\/2022\/02\/eumvszsz-150x38.png 150w, https:\/\/www.szuletik.hu\/wp-content\/uploads\/2022\/02\/eumvszsz-250x63.png 250w\" sizes=\"auto, (max-width: 1024px) 100vw, 1024px\" \/><\/figure>\n\n\n\n<p><strong>&nbsp;1. Az alapell\u00e1t\u00e1s digit\u00e1lis fejleszt\u00e9s\u00e9nek lehet\u0151s\u00e9gei \u2013 telemedicina Eur\u00f3pa j\u00f6v\u0151j\u00e9\u00e9rt<\/strong><\/p>\n\n\n\n<p><strong>&nbsp;Id\u0151pont:<\/strong>&nbsp;2022. febru\u00e1r 25. 10:00 \u2013 13:30<br><strong>&nbsp;F\u0151v\u00e9dn\u00f6k:<\/strong>&nbsp;Prof. Dr. K\u00e1sler Mikl\u00f3s miniszter \u2013 Emberi Er\u0151forr\u00e1sok Miniszt\u00e9riuma<br><strong>&nbsp;V\u00e9dn\u00f6k:<\/strong>&nbsp;Jenei Zolt\u00e1n f\u0151igazgat\u00f3 \u2013 Orsz\u00e1gos K\u00f3rh\u00e1zi F\u0151igazgat\u00f3s\u00e1g<br><strong>&nbsp;Helysz\u00edn:<\/strong>&nbsp;P\u00e1rbesz\u00e9d H\u00e1za \u2013 Pedro Arrupe terem, 1085 Budapest, Hor\u00e1nszky utca 20.<br><strong>&nbsp;Jelleg:<\/strong>&nbsp;45 f\u0151ig szem\u00e9lyes r\u00e9szv\u00e9tellel megval\u00f3sul\u00f3, online k\u00f6zvet\u00edtett m\u0171helykonferencia<br><a href=\"http:\/\/www.mvszsz.hu\/index.php\/hu\/114-meghivo-az-alapellatas-digitalis-fejlesztesenek-lehetosegei-telemedicina-europa-jovojeert\"><strong>&nbsp;MEGH\u00cdV\u00d3<\/strong><\/a><br><strong>&nbsp;Regisztr\u00e1ci\u00f3:<\/strong>&nbsp;<a href=\"https:\/\/www.mvszsz.hu\/index.php\/hu\/alapellatas-digitalis-fejlesztesenek-lehetosegei-regisztracio\">https:\/\/www.mvszsz.hu\/index.php\/hu\/alapellatas-digitalis-fejlesztesenek-lehetosegei-regisztracio<br><\/a><strong>&nbsp;K\u00f6zvet\u00edt\u00e9s:<\/strong>&nbsp;<a href=\"https:\/\/us02web.zoom.us\/j\/86503558923?pwd=UENmc0pvd25aaFd0MnhQWk50cWU4dz09\">https:\/\/us02web.zoom.us\/j\/86503558923?pwd=UENmc0pvd25aaFd0MnhQWk50cWU4dz09<\/a><br><strong>&nbsp;Le\u00edr\u00e1s:<\/strong>&nbsp; &nbsp; &nbsp; &nbsp; &nbsp; &nbsp; &nbsp;<br>Milyen lesz az alapell\u00e1t\u00e1s, v\u00e9d\u0151n\u0151i gondoz\u00e1s a j\u00f6v\u0151ben? Kik lesznek az ell\u00e1t\u00f3k?&nbsp; Hogyan lehet az ell\u00e1t\u00e1s hat\u00e9konys\u00e1g\u00e1t n\u00f6velni, a digit\u00e1lis technol\u00f3gi\u00e1k \u00faj lehet\u0151s\u00e9geivel? Az eg\u00e9szs\u00e9g\u00fcgyi szakemberek szerep- \u00e9s feladatv\u00e1ltoz\u00e1sai: milyen fejleszt\u00e9si ir\u00e1nyok lehets\u00e9gesek az alapell\u00e1t\u00e1sban, a prevenci\u00f3ban, a n\u00e9peg\u00e9szs\u00e9g\u00fcgyben? Hogyan t\u00e1mogathatjuk a jelenlegi kih\u00edv\u00e1sokat digit\u00e1lis technol\u00f3gi\u00e1kkal? Milyen hat\u00e1saik lesznek a most bevezet\u00e9sre ker\u00fcl\u0151 digit\u00e1lis megold\u00e1soknak a k\u00f6zelj\u00f6v\u0151ben? Mit jelent a real world data \u00e9s hogyan tudjuk az egyre nagyobb sz\u00e1mban haszn\u00e1lt digit\u00e1lis, hordozhat\u00f3 diagnosztikus eszk\u00f6z\u00f6ket az alapell\u00e1t\u00e1s szolg\u00e1lat\u00e1ba \u00e1ll\u00edtani?<\/p>\n\n\n\n<p>A konferencia el\u0151ad\u00f3i neves szakemberek \u00e9s szakpolitikai d\u00f6nt\u00e9shoz\u00f3k, akikkel egy\u00fctt keress\u00fck a v\u00e1laszokat \u00e9s jelenlegi trendekb\u0151l k\u00f6z\u00f6sen pr\u00f3b\u00e1lunk k\u00f6vetkeztet\u00e9seket levonni arra vonatkoz\u00f3lag, hogy milyen l\u00e9p\u00e9seket kell ma \u00e9s holnap megtenn\u00fcnk ahhoz, hogy a j\u00f6v\u0151ben m\u00e9g optim\u00e1lisabban t\u00f6rt\u00e9njen az alapell\u00e1t\u00e1s.<\/p>\n\n\n\n<p>A konferenci\u00e1n bemutat\u00e1sra ker\u00fcl egy, a Minisztereln\u00f6ks\u00e9g \u00e1ltal t\u00e1mogatott, a Magyar V\u00e9d\u0151n\u0151k Szakmai Sz\u00f6vets\u00e9ge \u00e1ltal koordin\u00e1lt telemedicina projekt, amelynek keret\u00e9ben t\u00f6bb mint 700 r\u00e9sztvev\u0151r\u0151l r\u00f6gz\u00edtettek v\u00e9d\u0151n\u0151k egy, a COVID-19 j\u00e1rv\u00e1ny alatt az Operat\u00edv T\u00f6rzs \u00e1ltal haszn\u00e1latra j\u00f3v\u00e1hagyott innovat\u00edv telemedicina rendszer seg\u00edts\u00e9g\u00e9vel perif\u00e9ri\u00e1s pulzushull\u00e1mokat.<\/p>\n\n\n\n<p>A projekt sor\u00e1n azt vizsg\u00e1lt\u00e1k, hogy a v\u00e9d\u0151n\u0151k milyen attit\u0171ddel viszonyulnak egy magyar telemedicina rendszerhez \u00e9s a pulzushull\u00e1mb\u00f3l sz\u00e1m\u00edtott param\u00e9terek sora hogyan seg\u00edtheti az alapell\u00e1t\u00e1s munk\u00e1j\u00e1t, ezen fel\u00fcl milyen kih\u00edv\u00e1sokat hordoz mag\u00e1ban?<\/p>\n\n\n\n<hr class=\"wp-block-separator\"\/>\n\n\n\n<p><strong>&nbsp;2.&nbsp;<\/strong><strong>Partneri egy\u00fcttm\u0171k\u00f6d\u00e9s a csal\u00e1dok gondoz\u00e1s\u00e1ban \u2013 \u00faj fejleszt\u00e9sek Eur\u00f3pa j\u00f6v\u0151j\u00e9\u00e9rt<\/strong><\/p>\n\n\n\n<p><strong>&nbsp;Id\u0151pont:&nbsp;<\/strong>2022. m\u00e1rcius 04. 10:00 \u2013 13:30<br><strong>&nbsp;V\u00e9dn\u00f6k:<\/strong>&nbsp;Zsig\u00f3 R\u00f3bert Csal\u00e1d\u00fcgyek\u00e9rt Felel\u0151s \u00c1llamtitk\u00e1r<br><strong>&nbsp;Helysz\u00edn:<\/strong>&nbsp;P\u00e1rbesz\u00e9d H\u00e1za \u2013 Pedro Arrupe terem, 1085 Budapest, Hor\u00e1nszky utca 20.<br><strong>&nbsp;Jelleg:&nbsp;<\/strong>45 f\u0151ig szem\u00e9lyes r\u00e9szv\u00e9tellel megval\u00f3sul\u00f3, online k\u00f6zvet\u00edtett m\u0171helykonferencia<br><strong>&nbsp;Regisztr\u00e1ci\u00f3:<\/strong>&nbsp;<a href=\"https:\/\/forms.gle\/EN6o3stMvrxHNyfB8\" target=\"_blank\" rel=\"noreferrer noopener\">https:\/\/forms.gle\/EN6o3stMvrxHNyfB8<\/a><a href=\"https:\/\/www.mvszsz.hu\/index.php\/hu\/a-szoptatas-es-anyatejadas-erositese-europa-jovojeert-regisztracio\"><br><\/a><strong>&nbsp;K\u00f6zvet\u00edt\u00e9s:<\/strong>&nbsp;<a href=\"https:\/\/us02web.zoom.us\/j\/82570471377?pwd=OVpUYXlHWitPTjh2Y0Jmc3BNUUQ0QT09\" target=\"_blank\" rel=\"noreferrer noopener\">https:\/\/us02web.zoom.us\/j\/82570471377?pwd=OVpUYXlHWitPTjh2Y0Jmc3BNUUQ0QT09<\/a>&nbsp;<br><strong>&nbsp;Le\u00edr\u00e1s:<\/strong>&nbsp; &nbsp; &nbsp; &nbsp; &nbsp; &nbsp; &nbsp;<br>Eur\u00f3pa j\u00f6v\u0151j\u00e9nek egyik meghat\u00e1roz\u00f3 t\u00e9nyez\u0151je az itt \u00e9l\u0151 emberek eg\u00e9szs\u00e9gi \u00e1llapota \u00e9s az eg\u00e9szs\u00e9g\u00fcgy m\u0171k\u00f6d\u00e9s\u00e9nek optim\u00e1lis, hat\u00e9kony \u00e9s egy\u00fcttm\u0171k\u00f6d\u00e9sen alapul\u00f3 megval\u00f3s\u00edt\u00e1sa. Ez a magyar v\u00e9d\u0151n\u0151i ell\u00e1t\u00e1s, mint hungarikum szempontj\u00e1b\u00f3l k\u00fcl\u00f6n\u00f6sen fontos, hiszen az, az alapell\u00e1t\u00e1sban a csal\u00e1dok gondoz\u00e1s\u00e1ban t\u00f6bb szakter\u00fclettel val\u00f3 egy\u00fcttm\u0171k\u00f6d\u00e9sben teljes\u00fcl. Az eg\u00e9szs\u00e9g\u00fcgyi ell\u00e1t\u00e1st ny\u00fajt\u00f3 egy\u00fcttm\u0171k\u00f6d\u0151 partnerek \u00faj megk\u00f6zel\u00edt\u00e9sben kell, hogy figyelembe vegy\u00e9k a csal\u00e1dok egys\u00e9g\u00e9t ell\u00e1t\u00e1si sz\u00fcks\u00e9gleteit, kiterjedve m\u00e1s szakter\u00fcletekre is. Fontos, hogy az ell\u00e1t\u00e1sok hat\u00e9konys\u00e1g\u00e1n\u00e1l figyelembe vegy\u00fck azt, hogy az egyes szakter\u00fcletek milyen kompetenci\u00e1kkal, tud\u00e1s b\u00e9li \u00e9s m\u00f3dszertani felk\u00e9sz\u00fclts\u00e9ggel rendelkeznek, melyek az ell\u00e1t\u00e1si ter\u00fcletek k\u00f6z\u00f6s tartom\u00e1nyai \u00e9s hol kezd\u0151dik egy m\u00e1sik szakter\u00fclet privil\u00e9giuma. A partneri egy\u00fcttm\u0171k\u00f6d\u00e9snek elengedhetetlen szerepl\u0151je a csal\u00e1dok, akik saj\u00e1t erej\u00fcket, \u00f6ngondoskod\u00e1si k\u00e9pess\u00e9g\u00fcket jelent\u0151s m\u00e9rt\u00e9kben hozz\u00e1teszik az eg\u00e9szs\u00e9g\u00fck meg\u0151rz\u00e9se vagy a gy\u00f3gyul\u00e1s mihamarabbi el\u00e9r\u00e9se \u00e9rdek\u00e9ben. A k\u00fcl\u00f6nb\u00f6z\u0151 kultur\u00e1lis, gazdas\u00e1gi k\u00f6rnyezetben \u00e9l\u0151 csal\u00e1dok eg\u00e9szs\u00e9gismeret\u00e9nek \u00e9s eg\u00e9szs\u00e9gmagatart\u00e1s\u00e1nak fejleszt\u00e9se komoly kih\u00edv\u00e1st jelent minden, az ell\u00e1t\u00e1sukban r\u00e9sztvev\u0151 szakter\u00fclet sz\u00e1m\u00e1ra, amelyben kiemelked\u0151 r\u00e9sze van a v\u00e9d\u0151n\u0151i ell\u00e1t\u00e1snak is.<br>A konferenci\u00e1n bemutat\u00e1sra ker\u00fclnek olyan fejleszt\u00e9si projektek, amelyek a lakoss\u00e1ggal val\u00f3 jobb \u00e9s hat\u00e9konyabb kapcsolatot, jobb kommunik\u00e1ci\u00f3t, ell\u00e1t\u00e1sszervez\u00e9st eredm\u00e9nyeztek. Bemutat\u00e1sra ker\u00fclnek olyan lakoss\u00e1gi v\u00e9lem\u00e9nyek is, amelyek az egyes emberek, a csal\u00e1dok \u00e9s k\u00f6z\u00f6ss\u00e9gek sz\u00fcks\u00e9gleteit, ig\u00e9nyeit jellemzik.<\/p>\n\n\n\n<hr class=\"wp-block-separator\"\/>\n\n\n\n<p><strong>&nbsp;3<\/strong><strong>.&nbsp;<\/strong><strong>Asszerteen applik\u00e1ci\u00f3 \u2013 fiatalok kommunik\u00e1ci\u00f3j\u00e1nak t\u00e1mogat\u00e1sa Eur\u00f3pa j\u00f6v\u0151j\u00e9\u00e9rt<\/strong><\/p>\n\n\n\n<p><strong>&nbsp;Id\u0151pont:<\/strong>&nbsp;2022. m\u00e1rcius 07. 17:00 \u2013 18:30<br><strong>&nbsp;Helysz\u00edn:<\/strong>&nbsp;Zoom kommunik\u00e1ci\u00f3s fel\u00fclet&nbsp;<a href=\"https:\/\/us02web.zoom.us\/j\/82236749048?pwd=RnZReGZUWkZGeVZCMXZDU01FekFhQT09\" target=\"_blank\" rel=\"noreferrer noopener\">https:\/\/us02web.zoom.us\/j\/82236749048?pwd=RnZReGZUWkZGeVZCMXZDU01FekFhQT09<\/a><a href=\"https:\/\/us02web.zoom.us\/j\/81022853448?pwd=REJvQi9wVmVIYkM0djdCSlNkMGFUUT09\"><br><\/a><strong>&nbsp;Jelleg:&nbsp;<\/strong>Legal\u00e1bb 10 f\u0151vel megval\u00f3sul\u00f3 online m\u0171helybesz\u00e9lget\u00e9s<br><strong>&nbsp;Regisztr\u00e1ci\u00f3:&nbsp;<a href=\"https:\/\/forms.gle\/vfCQkb4Yhh7rkw8e6\" target=\"_blank\" rel=\"noreferrer noopener\">https:\/\/forms.gle\/vfCQkb4Yhh7rkw8e6<\/a><\/strong><br><strong>&nbsp;Le\u00edr\u00e1s:<\/strong>&nbsp; &nbsp; &nbsp; &nbsp; &nbsp; &nbsp; &nbsp;<br>Eur\u00f3pa j\u00f6v\u0151j\u00e9nek egyik z\u00e1loga az emberek ment\u00e1lis eg\u00e9szs\u00e9gi \u00e1llapota, az elfogad\u00f3 \u00e9s hat\u00e9kony kommunik\u00e1ci\u00f3 elsaj\u00e1t\u00edt\u00e1sa \u00e9s megfelel\u0151 haszn\u00e1lata. Az asszert\u00edv kommunik\u00e1ci\u00f3s m\u00f3dszertan tanulhat\u00f3 \u00e9s tan\u00edthat\u00f3, \u00e1ltal\u00e1nos elterjed\u00e9se azonban sok t\u00e9nyez\u0151t\u0151l f\u00fcgg \u2013 t\u00f6bbek k\u00f6z\u00f6tt az emberek befogad\u00f3k\u00e9pess\u00e9g\u00e9t, nyitotts\u00e1g\u00e1t kell \u00f6szt\u00f6n\u00f6zni. Magyarorsz\u00e1gon j\u00f3 hagyom\u00e1nyai vannak a m\u00f3dszer oktat\u00e1s\u00e1nak amelyben az \u00c9bred\u00e9sek Alap\u00edtv\u00e1ny is p\u00e9lda\u00e9rt\u00e9k\u0171 programokat, fejleszt\u00e9seket val\u00f3s\u00edt meg. Alap\u00edtv\u00e1nyaink t\u00f6bb \u00e9ves egy\u00fcttm\u0171k\u00f6d\u00e9se a ment\u00e1lis eg\u00e9szs\u00e9g fejleszt\u00e9s\u00e9t \u00e9s az emberek k\u00f6z\u00f6tti kommunik\u00e1ci\u00f3 hat\u00e9konys\u00e1g\u00e1t k\u00edv\u00e1nja n\u00f6velni.<\/p>\n\n\n\n<p>A workshop keret\u00e9ben \u00fajabb asszert\u00edv kommunik\u00e1ci\u00f3s fejleszt\u00e9s ker\u00fcl bemutat\u00e1sra, amelyet egy nagyon fontos c\u00e9lcsoport sz\u00e1m\u00e1ra, a tin\u00e9dzserek sz\u00e1m\u00e1ra, a kommunik\u00e1ci\u00f3s k\u00e9szs\u00e9gfejleszt\u00e9s\u00fckre dolgoztak ki telefonos applik\u00e1ci\u00f3 form\u00e1j\u00e1ban. Ez a koroszt\u00e1ly saj\u00e1tos kommunik\u00e1ci\u00f3s t\u00e9rben mozog \u00e9s \u00e9letkori saj\u00e1toss\u00e1gaik miatt is k\u00fcl\u00f6nleges ez a fejleszt\u00e9s t\u00f6bb szakter\u00fcletet is \u00e9rint.<\/p>\n\n\n\n<p>A r\u00e9sztvev\u0151k, megismerve az applik\u00e1ci\u00f3 m\u0171k\u00f6d\u00e9s\u00e9t \u00e9s elm\u00e9leti h\u00e1tter\u00e9t v\u00e1laszt keresnek arra, milyen m\u00f3don, milyen csatorn\u00e1kon tudj\u00e1k a c\u00e9lcsoport sz\u00e1m\u00e1ra ismertt\u00e9 tenni ezt a lehet\u0151s\u00e9get.<\/p>\n\n\n\n<p>Az \u00faj m\u00f3dszer c\u00e9lja az is, hogy javuljon a gener\u00e1ci\u00f3k k\u00f6z\u00f6tti egy\u00fcttm\u0171k\u00f6d\u00e9s, a hat\u00e9konyabb p\u00e1rbesz\u00e9d \u00e9s v\u00e9d\u0151n\u0151k eset\u00e9ben az eg\u00e9szs\u00e9g\u00fcgyi ell\u00e1t\u00e1s \u00e9s a csal\u00e1dok k\u00f6z\u00f6tti compliance.<\/p>\n\n\n\n<hr class=\"wp-block-separator\"\/>\n\n\n\n<p><strong>&nbsp;4<\/strong><strong>. A telemedicina j\u00f6v\u0151tervei a v\u00e9d\u0151n\u0151i gondoz\u00e1sban \u2013 Eur\u00f3pa j\u00f6v\u0151j\u00e9\u00e9rt<\/strong><\/p>\n\n\n\n<p><strong>&nbsp;Id\u0151pont:<\/strong>&nbsp;2022. m\u00e1rcius 09. 17:00 \u2013 18:30<br><strong>&nbsp;Helysz\u00edn:<\/strong>&nbsp;Zoom kommunik\u00e1ci\u00f3s fel\u00fclet&nbsp;<a href=\"https:\/\/us02web.zoom.us\/j\/81022853448?pwd=REJvQi9wVmVIYkM0djdCSlNkMGFUUT09\">https:\/\/us02web.zoom.us\/j\/81022853448?pwd=REJvQi9wVmVIYkM0djdCSlNkMGFUUT09<br><\/a><strong>&nbsp;Jelleg:&nbsp;<\/strong>Legal\u00e1bb 10 f\u0151vel megval\u00f3sul\u00f3 online m\u0171helybesz\u00e9lget\u00e9s<br><strong>&nbsp;Regisztr\u00e1ci\u00f3:&nbsp;<\/strong><a href=\"https:\/\/www.mvszsz.hu\/index.php\/hu\/a-telemedicina-jovotervei-a-vedonoi-gondozasban-regisztracio\">https:\/\/www.mvszsz.hu\/index.php\/hu\/a-telemedicina-jovotervei-a-vedonoi-gondozasban-regisztracio<\/a><br><strong>&nbsp;Le\u00edr\u00e1s:<\/strong>&nbsp; &nbsp; &nbsp; &nbsp; &nbsp; &nbsp; &nbsp;<br>Milyen lesz a v\u00e9d\u0151n\u0151i gondoz\u00e1s a j\u00f6v\u0151ben?&nbsp; Hogyan lehet a v\u00e9d\u0151n\u0151i ell\u00e1t\u00e1s hat\u00e9konys\u00e1g\u00e1t n\u00f6velni, a telemedicina \u00e9s digit\u00e1lis technol\u00f3gia \u00faj lehet\u0151s\u00e9geivel?<\/p>\n\n\n\n<p>A v\u00e9d\u0151n\u0151k&nbsp;szerep- \u00e9s feladatv\u00e1ltoz\u00e1sai: milyen fejleszt\u00e9si ir\u00e1nyok&nbsp;lehets\u00e9gesek&nbsp;a gondoz\u00e1sban, a prevenci\u00f3ban, a n\u00e9peg\u00e9szs\u00e9g\u00fcgyben? Hogyan k\u00e9sz\u00edts\u00fck fel a v\u00e9d\u0151n\u0151ket \u00e9s a csal\u00e1dokat a digit\u00e1lis technol\u00f3gi\u00e1k \u00e9s a telemedicina haszn\u00e1lat\u00e1ra? Milyen tud\u00e1sbeli, illetve motiv\u00e1ci\u00f3s \u00e9s adatv\u00e9delmi szempontokat kell figyelembe venni a felk\u00e9sz\u00fcl\u00e9s sor\u00e1n?<\/p>\n\n\n\n<p>A v\u00e9d\u0151n\u0151i gondoz\u00e1s alapvet\u0151en a csal\u00e1dokkal val\u00f3 szem\u00e9lyes foglalkoz\u00e1sra \u00e9p\u00fcl. Tervszer\u0171en \u00e9s r\u00e9szben a csal\u00e1dok otthon\u00e1ban val\u00f3sul meg, r\u00e9szben pedig a v\u00e9d\u0151n\u0151i ell\u00e1t\u00e1st biztos\u00edt\u00f3 tan\u00e1csad\u00f3 helyis\u00e9gekben. A korszer\u0171 kommunik\u00e1ci\u00f3s lehet\u0151s\u00e9gekkel, illetve a vil\u00e1gj\u00e1rv\u00e1ny k\u00e9nyszer\u0171s\u00e9ge miatt a v\u00e9d\u0151n\u0151i szakter\u00fcleteken is sz\u00fcks\u00e9gess\u00e9 v\u00e1lt a telemedicina haszn\u00e1lata \u00e9s a digit\u00e1lis technol\u00f3gi\u00e1k adta lehet\u0151s\u00e9gek bevezet\u00e9se a sz\u0171r\u0151vizsg\u00e1lati m\u00f3dszerek k\u00f6z\u00e9. A v\u00e9d\u0151n\u0151i ell\u00e1t\u00e1s akkor tud a tudom\u00e1ny \u00e9s az eg\u00e9szs\u00e9g\u00fcgy szakmai fejl\u0151d\u00e9s\u00e9nek valamint a csal\u00e1dok ig\u00e9nyeinek megfelel\u0151en a leghat\u00e9konyabban teljes\u00edteni, ha figyelembe veszi \u00e9s felk\u00e9sz\u00fcl ezekre az \u00faj lehet\u0151s\u00e9gekre, szempontokra. A magyar v\u00e9d\u0151n\u0151i szolg\u00e1lat hungarikum, de Eur\u00f3p\u00e1ban \u00e9s vil\u00e1gszerte p\u00e9lda\u00e9rt\u00e9k\u0171 szervezetts\u00e9ge szakmai \u2013 tudom\u00e1nyos felk\u00e9sz\u00fclts\u00e9ge, amellyel a csal\u00e1dok eg\u00e9szs\u00e9g\u00e9t szolg\u00e1lja, a betegs\u00e9geket j\u00f3 hat\u00e9konys\u00e1ggal megel\u0151zi, szinte teljesk\u00f6r\u0171 \u00e1toltotts\u00e1got tud el\u00e9rni a hagyom\u00e1nyos v\u00e9d\u0151olt\u00e1si rendszerben \u00e9s els\u0151vonalbeli tan\u00e1csad\u00f3ja a csal\u00e1dok \u00e9letm\u00f3dv\u00e1ltoz\u00e1s\u00e1nak, lelki eg\u00e9szs\u00e9g\u00fck meg\u0151rz\u00e9s\u00e9nek a k\u00f6z\u00f6ss\u00e9gi eg\u00e9szs\u00e9gfejleszt\u00e9snek.<\/p>\n\n\n\n<hr class=\"wp-block-separator\"\/>\n\n\n\n<p><strong>&nbsp;5. N\u0151i Eg\u00e9szs\u00e9gnap dr. Hugonnai Vilma els\u0151 magyar orvosn\u0151 szerepe a csal\u00e1dok \u00e9s n\u0151k eg\u00e9szs\u00e9g\u00e9nek meg\u0151rz\u00e9s\u00e9ben \u2013 Eur\u00f3pa j\u00f6v\u0151j\u00e9\u00e9rt<\/strong><\/p>\n\n\n\n<p><strong>&nbsp;Id\u0151pont:&nbsp;<\/strong>2022. m\u00e1rcius 11. 10:00 \u2013 12:00<br><strong>&nbsp;V\u00e9dn\u00f6k:<\/strong>&nbsp;Prof. Dr. K\u00e1sler Mikl\u00f3s miniszter \u2013 Emberi Er\u0151forr\u00e1sok Miniszt\u00e9riuma<br><strong>&nbsp;Helysz\u00edn:&nbsp;<\/strong>Semmelweis Orvost\u00f6rt\u00e9neti M\u00fazeum \/\/ 1013 Budapest, Apr\u00f3d u. 1-3.<br><strong>&nbsp;Jelleg:&nbsp;<\/strong>45 f\u0151ig szem\u00e9lyes r\u00e9szv\u00e9tellel megval\u00f3sul\u00f3, online k\u00f6zvet\u00edtett m\u0171helybesz\u00e9lget\u00e9s<br><strong>&nbsp;Regisztr\u00e1ci\u00f3:<\/strong>&nbsp;<a href=\"https:\/\/forms.gle\/b9XyFKnMYCjLFVCc8\" target=\"_blank\" rel=\"noreferrer noopener\">https:\/\/forms.gle\/b9XyFKnMYCjLFVCc8<\/a>&nbsp;<a href=\"https:\/\/www.mvszsz.hu\/index.php\/hu\/a-szoptatas-es-anyatejadas-erositese-europa-jovojeert-regisztracio\"><br><\/a><strong>&nbsp;K\u00f6zvet\u00edt\u00e9s:<\/strong>&nbsp;<a href=\"https:\/\/us02web.zoom.us\/j\/87608935843?pwd=MnR5R3B1ODZsaUE5TEhqQ0RQdWxMUT09\" target=\"_blank\" rel=\"noreferrer noopener\">https:\/\/us02web.zoom.us\/j\/87608935843?pwd=MnR5R3B1ODZsaUE5TEhqQ0RQdWxMUT09<\/a>&nbsp;<br><strong>&nbsp;Le\u00edr\u00e1s:<\/strong>&nbsp; &nbsp; &nbsp; &nbsp; &nbsp; &nbsp; &nbsp;<br>A N\u0151i Eg\u00e9szs\u00e9gnap Magyarorsz\u00e1g \u00e9s Eur\u00f3pa egyik kiemelked\u0151 szem\u00e9lyis\u00e9g\u00e9re val\u00f3 eml\u00e9kez\u00e9s, amelyben dr. Hugonnai Vilm\u00e1ra az els\u0151 magyar orvosn\u0151re helyezi a hangs\u00falyt. Hugonnai Vilma hal\u00e1l\u00e1nak 100. \u00e9vfordul\u00f3ja az UNESCO-val k\u00f6z\u00f6s megeml\u00e9kez\u00e9s rendezv\u00e9nysorozata keret\u00e9ben val\u00f3sul meg. Partneri egy\u00fcttm\u0171k\u00f6d\u00e9s alakult ki a jeles \u00e9vfordul\u00f3 meg\u00fcnnepl\u00e9s\u00e9re az UNESCO Magyar Nemzeti Bizotts\u00e1ggal, a Magyar N\u0151i Uni\u00f3 Egyes\u00fclettel, a Magyar Orvost\u00f6rt\u00e9neti M\u00fazeum \u00e9s K\u00f6nyvt\u00e1rral, a Semmelweis Egyetemmel, a Kopp M\u00e1ria Int\u00e9zettel a N\u00e9pesed\u00e9s\u00e9rt \u00e9s Csal\u00e1dok\u00e9rt, a Magyar Sz\u00fcl\u00e9szn\u0151k Egyes\u00fclet\u00e9vel, a Magyar V\u00e9d\u0151n\u0151k Szakmai Sz\u00f6vets\u00e9g\u00e9vel \u00e9s tov\u00e1bbi csatlakoz\u00f3 int\u00e9zm\u00e9nyekkel, szervezetekkel.<\/p>\n\n\n\n<p>A partneri egy\u00fcttm\u0171k\u00f6d\u00e9s keret\u00e9ben a r\u00e9sztvev\u0151 szervezetek kinyilv\u00e1n\u00edtj\u00e1k az els\u0151 magyar orvosn\u0151 p\u00e9ldamutat\u00f3 p\u00e1lyafut\u00e1s\u00e1nak a mai korra sz\u00f3l\u00f3 \u00e9rt\u00e9keit, amelyben k\u00fcl\u00f6n szerepet j\u00e1tszott a n\u0151k oktat\u00e1s\u00e1nak magasabb szint\u0171 iskol\u00e1zotts\u00e1g\u00e1nak kiv\u00edv\u00e1sa. \u00c9letm\u0171ve, \u00e9letp\u00e1ly\u00e1ja Sv\u00e1jcban szerzett orvosi diplom\u00e1j\u00e1nak elismertet\u00e9s\u00e9ig is az eg\u00e9szs\u00e9g\u00fcgyben a sz\u00fcl\u00e9szn\u0151i hivat\u00e1s gyakorl\u00e1s\u00e1ban adott p\u00e9ld\u00e1t. A konferenci\u00e1n tartott megeml\u00e9kez\u00e9s \u00e9s \u00e9letm\u0171v\u00e9nek m\u00e9ltat\u00e1sa a mai koroszt\u00e1lyok sz\u00e1m\u00e1ra is olyan \u00fczeneteket fogalmaz meg amelyek er\u0151t adnak az eg\u00e9szs\u00e9g\u00fcgy jelenlegi, vil\u00e1gj\u00e1rv\u00e1ny okozta neh\u00e9zs\u00e9geiben. Az \u00e9v sor\u00e1n tervezett megeml\u00e9kez\u00e9ssorozat nyit\u00f3 esem\u00e9nyek\u00e9nt sz\u00e9les t\u00e1rsadalmi r\u00e9tegeket \u00e9s Eur\u00f3p\u00e1t is megsz\u00f3l\u00edtja \u00e9s arra \u00f6szt\u00f6nzi, hogy az eg\u00e9szs\u00e9g\u00fcgyi, anyai, a n\u0151k k\u00f6z\u00e9leti hivat\u00e1s\u00e1ban bet\u00f6lt\u00f6tt szerep\u00e9t \u00e1tgondolja \u00e9s a j\u00f3 p\u00e9ld\u00e1kat kihangos\u00edtsa.<\/p>\n\n\n\n<hr class=\"wp-block-separator\"\/>\n\n\n\n<p><strong>&nbsp;6<\/strong><strong>. A szoptat\u00e1s \u00e9s anyatejad\u00e1s er\u0151s\u00edt\u00e9se Eur\u00f3pa j\u00f6v\u0151j\u00e9\u00e9rt<\/strong><\/p>\n\n\n\n<p><strong>&nbsp;Id\u0151pont:&nbsp;<\/strong>2022. m\u00e1rcius 25. 10:00 \u2013 13:30<br><strong>&nbsp;V\u00e9dn\u00f6k:<\/strong>&nbsp;M\u00e1rton Zsuzsanna eln\u00f6k \u2013 K\u00e1rp\u00e1t-medencei Csal\u00e1dszervezetek Sz\u00f6vets\u00e9ge<br><strong>&nbsp;Helysz\u00edn:<\/strong>&nbsp;P\u00e1rbesz\u00e9d H\u00e1za \u2013 Pedro Arrupe terem, 1085 Budapest, Hor\u00e1nszky utca 20.<br><strong>&nbsp;Jelleg:&nbsp;<\/strong>45 f\u0151ig szem\u00e9lyes r\u00e9szv\u00e9tellel megval\u00f3sul\u00f3, online k\u00f6zvet\u00edtett m\u0171helykonferencia<br><strong>&nbsp;Regisztr\u00e1ci\u00f3:<\/strong>&nbsp;<a href=\"https:\/\/www.mvszsz.hu\/index.php\/hu\/a-szoptatas-es-anyatejadas-erositese-europa-jovojeert-regisztracio\">https:\/\/www.mvszsz.hu\/index.php\/hu\/a-szoptatas-es-anyatejadas-erositese-europa-jovojeert-regisztracio<br><\/a><strong>&nbsp;K\u00f6zvet\u00edt\u00e9s:<\/strong>&nbsp;<a href=\"https:\/\/us02web.zoom.us\/j\/85818134382?pwd=UkJzT1BpcTZDa2pHZmJub1VESG9Edz09\">https:\/\/us02web.zoom.us\/j\/85818134382?pwd=UkJzT1BpcTZDa2pHZmJub1VESG9Edz09<\/a><br><strong>&nbsp;Le\u00edr\u00e1s:<\/strong>&nbsp; &nbsp; &nbsp; &nbsp; &nbsp; &nbsp; &nbsp;<br>A szoptat\u00e1s \u00e9s anyatejad\u00e1s er\u0151s\u00edt\u00e9se a vil\u00e1g minden orsz\u00e1g\u00e1ban, Eur\u00f3p\u00e1ban, a K\u00e1rp\u00e1t-medenc\u00e9ben \u00e9s term\u00e9szetesen Magyarorsz\u00e1gon is olyan eg\u00e9szs\u00e9ges \u00e9letm\u00f3ddal \u00f6sszef\u00fcgg\u0151 feladat, amelyben a v\u00e9d\u0151n\u0151i ell\u00e1t\u00e1snak, mint hungarikumnak kiemelt szerepe van.<\/p>\n\n\n\n<p>Az anyatejes t\u00e1pl\u00e1l\u00e1s, szoptat\u00e1s \u00e9s anyatejad\u00e1s, mint minden \u00e9letm\u00f3di elem mai vil\u00e1gunkban folyamatos v\u00e1ltoz\u00e1sban van. Az eg\u00e9szs\u00e9ges \u00e9letm\u00f3d v\u00e1laszt\u00e1s\u00e1nak k\u00fcl\u00f6n\u00f6s f\u00f3kusza az eg\u00e9szs\u00e9ges \u00e9letkezdet \u2013 ebben az \u00fajsz\u00fcl\u00f6tt \u00e9s az \u00e9desanya eg\u00e9szs\u00e9ge. Emellett olyan d\u00f6nt\u00e9si alternat\u00edv\u00e1kkal kell megbirk\u00f3znunk (mind az eg\u00e9szs\u00e9g\u00fcgy mind pedig a csal\u00e1dok oldal\u00e1r\u00f3l), mint a t\u00e1pszeres, mesters\u00e9ges t\u00e1pl\u00e1l\u00e1s vagy az anyatejkieg\u00e9sz\u00edt\u00e9s saj\u00e1t anyatejjel vagy elfogadott, idegen n\u0151i tejjel. A d\u00f6nt\u00e9si helyzeteket befoly\u00e1solj\u00e1k egy\u00e9b pszichol\u00f3giai, eg\u00e9szs\u00e9gmagatart\u00e1si, gazdas\u00e1gi t\u00e9nyez\u0151k is amellett, hogy az eg\u00e9szs\u00e9gismeret folyamatosan fejlesztend\u0151 ir\u00e1ny \u00e9s elv\u00e1r\u00e1s. A vil\u00e1gj\u00e1rv\u00e1ny okozta higi\u00e9n\u00e9s helyzet \u00e9s magatart\u00e1s jelent\u0151sen hat\u00e1ssal van a szoptat\u00e1si \u00e9s anyatejad\u00e1si szok\u00e1sokra is.<\/p>\n\n\n\n<p>A konferencia c\u00e9lja, hogy a szakemberek \u00e1ttekints\u00e9k ezeket a befoly\u00e1sol\u00f3 t\u00e9nyez\u0151ket, alternat\u00edv\u00e1kat \u00e9s v\u00e1laszokat keressenek arra, hogyan lehet befoly\u00e1solni \u00e9s hat\u00e9konyabb\u00e1 tenni a hat h\u00f3napig kiz\u00e1r\u00f3lag anyatejes t\u00e1pl\u00e1l\u00e1st, valamint a min\u00e9l tov\u00e1bbi \u00e9letkorra kiterjesztett, anyatejet kieg\u00e9sz\u00edtett t\u00e1pl\u00e1l\u00e1st.<\/p>\n\n\n\n<p>A nemzetk\u00f6zi konferencia a K\u00e1rp\u00e1t-medence magyar csal\u00e1djainak ell\u00e1t\u00e1s\u00e1ban tapasztalt szak\u00e9rt\u0151ket sz\u00f3laltat meg.<\/p>\n\n\n\n<hr class=\"wp-block-separator\"\/>\n\n\n\n<p><strong>Tov\u00e1bbi inform\u00e1ci\u00f3k:<\/strong><\/p>\n\n\n\n<ol class=\"wp-block-list\"><li>A szem\u00e9lyes megjelen\u00e9seken alapul\u00f3 rendezv\u00e9nyeken val\u00f3 megjelen\u00e9s olt\u00e1si igazol\u00e1shoz k\u00f6t\u00f6tt, a mindenkori j\u00e1rv\u00e1ny\u00fcgyi szab\u00e1lyok betart\u00e1s\u00e1val. A rendezv\u00e9ny helysz\u00edn\u00e9n \u00e9s teljes ideje alatt maszk haszn\u00e1lata k\u00f6telez\u0151.<\/li><li>K\u00e9rj\u00fck, hogy minden jelentkez\u0151 k\u00fcl\u00f6n regisztr\u00e1ljon!<\/li><li>Szem\u00e9lyes r\u00e9szv\u00e9teli lehet\u0151s\u00e9g\u00e9t e-mailen visszaigazoljuk. Ha m\u00e1r megtelt a szem\u00e9lyes l\u00e9tsz\u00e1mkeret (45 f\u0151), szeretettel v\u00e1rjuk az online k\u00f6zvet\u00edt\u00e9sen.<\/li><li>A regisztr\u00e1ci\u00f3val a jelentkez\u0151, hozz\u00e1j\u00e1rul, hogy a megadott szem\u00e9lyes \u00e9s k\u00fcl\u00f6nleges adatokat a V\u00e9d\u0151n\u0151k\u00e9rt, \u00faj sz\u00fcl\u0151k \u00e9s \u00fajsz\u00fcl\u00f6ttek\u00e9rt Alap\u00edtv\u00e1ny az inform\u00e1ci\u00f3s \u00f6nrendelkez\u00e9si jogr\u00f3l \u00e9s az inform\u00e1ci\u00f3szabads\u00e1gr\u00f3l sz\u00f3l\u00f3 2011. \u00e9vi CXII. t\u00f6rv\u00e9ny rendelkez\u00e9seinek \u00e9s a GDPR-nek megfelel\u0151en kezelje.<\/li><li>K\u00e9rj\u00fck, hogy szem\u00e9lyes r\u00e9szv\u00e9tel eset\u00e9n, speci\u00e1lis \u00e9tkez\u00e9si ig\u00e9ny\u00e9t a rendezv\u00e9ny id\u0151pontja el\u0151tt legk\u00e9s\u0151bb h\u00e1rom nappal e-mailben jelezze az al\u00e1bbi el\u00e9rhet\u0151s\u00e9geken:&nbsp;<a href=\"mailto:info@mvszsz.hu\">info@mvszsz.hu<\/a><\/li><li>K\u00e9rj\u00fck, hogy amennyiben szem\u00e9lyes r\u00e9szv\u00e9tel\u00e9t visszamondan\u00e1, azt sz\u00edveskedjen e-mailen jelezni.<\/li><li>A v\u00e1ltoztat\u00e1s jog\u00e1t a szervez\u0151k fenntartj\u00e1k.<\/li><\/ol>\n\n\n\n<div class=\"wp-block-image\"><figure class=\"aligncenter size-large\"><img loading=\"lazy\" decoding=\"async\" width=\"1024\" height=\"414\" src=\"http:\/\/vuszuka.portalis.hu\/wp-content\/uploads\/2022\/02\/Honlapmegjelenes_ME_BGA_logo_MVSZSZ-1024x414.png\" alt=\"\" class=\"wp-image-141\" srcset=\"https:\/\/www.szuletik.hu\/wp-content\/uploads\/2022\/02\/Honlapmegjelenes_ME_BGA_logo_MVSZSZ-1024x414.png 1024w, https:\/\/www.szuletik.hu\/wp-content\/uploads\/2022\/02\/Honlapmegjelenes_ME_BGA_logo_MVSZSZ-300x121.png 300w, https:\/\/www.szuletik.hu\/wp-content\/uploads\/2022\/02\/Honlapmegjelenes_ME_BGA_logo_MVSZSZ-768x311.png 768w, https:\/\/www.szuletik.hu\/wp-content\/uploads\/2022\/02\/Honlapmegjelenes_ME_BGA_logo_MVSZSZ-1536x621.png 1536w, https:\/\/www.szuletik.hu\/wp-content\/uploads\/2022\/02\/Honlapmegjelenes_ME_BGA_logo_MVSZSZ-2048x828.png 2048w, https:\/\/www.szuletik.hu\/wp-content\/uploads\/2022\/02\/Honlapmegjelenes_ME_BGA_logo_MVSZSZ-150x61.png 150w, https:\/\/www.szuletik.hu\/wp-content\/uploads\/2022\/02\/Honlapmegjelenes_ME_BGA_logo_MVSZSZ-250x101.png 250w\" sizes=\"auto, (max-width: 1024px) 100vw, 1024px\" \/><figcaption>A projekt \u00e9s a rendezv\u00e9nyek megval\u00f3s\u00edt\u00e1s\u00e1t\u00f3l azt v\u00e1rjuk, hogy a Magyar V\u00e9d\u0151n\u0151k Szakmai Sz\u00f6vets\u00e9ge bekapcsol\u00f3dhasson az eg\u00e9szs\u00e9g\u00fcgyet \u00e9rint\u0151 szakmai p\u00e1rbesz\u00e9d nemzetk\u00f6zi sz\u00ednter\u00e9be. Az esem\u00e9nyek megval\u00f3s\u00edt\u00e1s\u00e1val sz\u00e1mos, a v\u00e9d\u0151n\u0151i hivat\u00e1st \u00e9s szakm\u00e1t k\u00f6zvetlen\u00fcl \u00e9rint\u0151 k\u00e9rd\u00e9s ker\u00fcl feldolgoz\u00e1sra, megvitat\u00e1sra, amely hozz\u00e1j\u00e1rulhat a v\u00e9d\u0151n\u0151k munk\u00e1j\u00e1nak t\u00e1mogat\u00e1s\u00e1hoz.<br><br>Az esem\u00e9nyekr\u0151l tov\u00e1bbi inform\u00e1ci\u00f3t a&nbsp;&nbsp;<a href=\"https:\/\/futureu.europa.eu\/meetings\/\">https:\/\/futureu.europa.eu\/meetings\/<\/a>&nbsp;oldalon olvashat.<br><br>Szeretettel v\u00e1runk minden kedves \u00e9rdekl\u0151d\u0151t rendezv\u00e9nyeinkre!<\/figcaption><\/figure><\/div>\n","protected":false},"excerpt":{"rendered":"<p>A Magyar V\u00e9d\u0151n\u0151k Szakmai Sz\u00f6vets\u00e9ge a 2022. \u00e9vben csatlakozott az Eur\u00f3pai Uni\u00f3 \u00e1ltal szervezett, Konferencia Eur\u00f3pa J\u00f6v\u0151j\u00e9r\u0151l c\u00edm\u0171 programsorozathoz. A kontinens\u00fcnk\u00f6n \u00e1t\u00edvel\u0151 kezdem\u00e9nyez\u00e9s keret\u00e9ben az MVSZSZ a Minisztereln\u00f6ks\u00e9g t\u00e1mogat\u00e1s\u00e1val l\u00e9trej\u00f6v\u0151 \u201eAz Eur\u00f3pa j\u00f6v\u0151j\u00e9r\u0151l sz\u00f3l\u00f3 konferenciasorozathoz kapcsol\u00f3d\u00f3 rendezv\u00e9nyek t\u00e1mogat\u00e1sa\u201d c\u00edm\u0171 projektj\u00e9nek megval\u00f3s\u00edt\u00e1s\u00e1val t\u00f6bb szakmai rendezv\u00e9nyt szervez meg, az al\u00e1bbiak szerint: &nbsp;1&#8230;. <a class=\"continue-reading-link\" href=\"https:\/\/www.szuletik.hu\/?p=208\">Cikk folytat\u00e1sa&#8230; <span class=\"meta-nav\">&rarr; <\/span><\/a><\/p>\n","protected":false},"author":1,"featured_media":138,"comment_status":"closed","ping_status":"open","sticky":true,"template":"","format":"standard","meta":{"footnotes":""},"categories":[4],"tags":[],"class_list":["post-208","post","type-post","status-publish","format-standard","has-post-thumbnail","hentry","category-hireink"],"_links":{"self":[{"href":"https:\/\/www.szuletik.hu\/index.php?rest_route=\/wp\/v2\/posts\/208","targetHints":{"allow":["GET"]}}],"collection":[{"href":"https:\/\/www.szuletik.hu\/index.php?rest_route=\/wp\/v2\/posts"}],"about":[{"href":"https:\/\/www.szuletik.hu\/index.php?rest_route=\/wp\/v2\/types\/post"}],"author":[{"embeddable":true,"href":"https:\/\/www.szuletik.hu\/index.php?rest_route=\/wp\/v2\/users\/1"}],"replies":[{"embeddable":true,"href":"https:\/\/www.szuletik.hu\/index.php?rest_route=%2Fwp%2Fv2%2Fcomments&post=208"}],"version-history":[{"count":2,"href":"https:\/\/www.szuletik.hu\/index.php?rest_route=\/wp\/v2\/posts\/208\/revisions"}],"predecessor-version":[{"id":210,"href":"https:\/\/www.szuletik.hu\/index.php?rest_route=\/wp\/v2\/posts\/208\/revisions\/210"}],"wp:featuredmedia":[{"embeddable":true,"href":"https:\/\/www.szuletik.hu\/index.php?rest_route=\/wp\/v2\/media\/138"}],"wp:attachment":[{"href":"https:\/\/www.szuletik.hu\/index.php?rest_route=%2Fwp%2Fv2%2Fmedia&parent=208"}],"wp:term":[{"taxonomy":"category","embeddable":true,"href":"https:\/\/www.szuletik.hu\/index.php?rest_route=%2Fwp%2Fv2%2Fcategories&post=208"},{"taxonomy":"post_tag","embeddable":true,"href":"https:\/\/www.szuletik.hu\/index.php?rest_route=%2Fwp%2Fv2%2Ftags&post=208"}],"curies":[{"name":"wp","href":"https:\/\/api.w.org\/{rel}","templated":true}]}}