{"id":214,"date":"2022-03-06T19:33:42","date_gmt":"2022-03-06T19:33:42","guid":{"rendered":"http:\/\/vuszuka.portalis.hu\/?p=214"},"modified":"2022-03-06T19:35:23","modified_gmt":"2022-03-06T19:35:23","slug":"maghivo","status":"publish","type":"post","link":"https:\/\/www.szuletik.hu\/?p=214","title":{"rendered":"MEGH\u00cdV\u00d3 &#8211; &#8220;A TELEMEDICINA J\u00d6V\u0150TERVEI A V\u00c9D\u0150N\u0150I GONDOZ\u00c1SBAN \u2013 EUR\u00d3PA J\u00d6V\u0150J\u00c9\u00c9RT&#8221;"},"content":{"rendered":"\n<p><strong>Milyen lesz a v\u00e9d\u0151n\u0151i gondoz\u00e1s a j\u00f6v\u0151ben?&nbsp; Hogyan lehet a v\u00e9d\u0151n\u0151i ell\u00e1t\u00e1s hat\u00e9konys\u00e1g\u00e1t n\u00f6velni, a telemedicina \u00e9s digit\u00e1lis technol\u00f3gia \u00faj lehet\u0151s\u00e9geivel?&nbsp;<br><\/strong><strong>A v\u00e9d\u0151n\u0151k szerep- \u00e9s feladatv\u00e1ltoz\u00e1sai: milyen fejleszt\u00e9si ir\u00e1nyok lehets\u00e9gesek a gondoz\u00e1sban, a prevenci\u00f3ban, a n\u00e9peg\u00e9szs\u00e9g\u00fcgyben? Hogyan k\u00e9sz\u00edts\u00fck fel a v\u00e9d\u0151n\u0151ket \u00e9s a csal\u00e1dokat a digit\u00e1lis technol\u00f3gi\u00e1k \u00e9s a telemedicina haszn\u00e1lat\u00e1ra? Milyen tud\u00e1sbeli, illetve motiv\u00e1ci\u00f3s \u00e9s adatv\u00e9delmi szempontokat kell figyelembe venni a felk\u00e9sz\u00fcl\u00e9s sor\u00e1n?&nbsp;<\/strong><\/p>\n\n\n\n<p><strong><a href=\"https:\/\/www.mvszsz.hu\/index.php\/hu\/a-telemedicina-jovotervei-a-vedonoi-gondozasban-regisztracio\" target=\"_blank\" rel=\"noreferrer noopener\">Az esem\u00e9nyre itt tud regisztr\u00e1lni.<\/a><\/strong><\/p>\n\n\n\n<hr class=\"wp-block-separator\" id=\"system-readmore\"\/>\n\n\n\n<p>A Magyar V\u00e9d\u0151n\u0151k Szakmai Sz\u00f6vets\u00e9ge a Konferencia Eur\u00f3pa J\u00f6v\u0151j\u00e9r\u0151l konferencia sorozat keret\u00e9ben val\u00f3s\u00edtja meg az online workshopot a Minisztereln\u00f6ks\u00e9g t\u00e1mogat\u00e1s\u00e1val.&nbsp;<\/p>\n\n\n\n<hr class=\"wp-block-separator\"\/>\n\n\n\n<p><strong>El\u0151ad\u00f3k:&nbsp;<\/strong><\/p>\n\n\n\n<p><strong>Dr. Kulin S\u00e1ndor&nbsp;<\/strong>(sz\u00fcl\u00e9sz-n\u0151gy\u00f3gy\u00e1sz klinikus, E-Medlab Hungary Kft.)&nbsp;<strong>Dr. Kulin D\u00e1niel&nbsp;<\/strong>(Semmelweis Egyetem PhD hallgat\u00f3<strong>)&nbsp;<br><\/strong><strong>Dr. K\u00e1ntor Ir\u00e9n&nbsp;<\/strong>(h\u00e1zi gyermekorvos, megyei kollegi\u00e1lis h\u00e1zi gyermekorvos, Ny\u00edregyh\u00e1za)&nbsp;<strong>Moder\u00e1tor:&nbsp;<\/strong>L\u0151rinczi Orsolya mentor v\u00e9d\u0151n\u0151 (Magyar V\u00e9d\u0151n\u0151k Szakmai Sz\u00f6vets\u00e9ge)&nbsp;&nbsp;<\/p>\n\n\n\n<p><strong>&nbsp;Id\u0151pont:<\/strong>&nbsp;<strong>2022. m\u00e1rcius 09. 17:00 \u2013 18:30<br>&nbsp;Helysz\u00edn:<\/strong>&nbsp;Zoom kommunik\u00e1ci\u00f3s fel\u00fclet&nbsp;&nbsp;<a href=\"https:\/\/us02web.zoom.us\/j\/81022853448?pwd=REJvQi9wVmVIYkM0djdCSlNkMGFUUT09\">https:\/\/us02web.zoom.us\/j\/81022853448?pwd=REJvQi9wVmVIYkM0djdCSlNkMGFUUT09<\/a>&nbsp;\/\/ Meeting ID: 810 2285 3448 \/\/ Jelsz\u00f3: 261391<br><strong>&nbsp;Regisztr\u00e1ci\u00f3:<\/strong>&nbsp;<a href=\"https:\/\/www.mvszsz.hu\/index.php\/hu\/a-telemedicina-jovotervei-a-vedonoi-gondozasban-regisztracio\">https:\/\/www.mvszsz.hu\/index.php\/hu\/a<\/a><a href=\"https:\/\/www.mvszsz.hu\/index.php\/hu\/a-telemedicina-jovotervei-a-vedonoi-gondozasban-regisztracio\">&#8211;<\/a><a href=\"https:\/\/www.mvszsz.hu\/index.php\/hu\/a-telemedicina-jovotervei-a-vedonoi-gondozasban-regisztracio\">telemedicina<\/a><a href=\"https:\/\/www.mvszsz.hu\/index.php\/hu\/a-telemedicina-jovotervei-a-vedonoi-gondozasban-regisztracio\">&#8211;<\/a><a href=\"https:\/\/www.mvszsz.hu\/index.php\/hu\/a-telemedicina-jovotervei-a-vedonoi-gondozasban-regisztracio\">jovotervei<\/a><a href=\"https:\/\/www.mvszsz.hu\/index.php\/hu\/a-telemedicina-jovotervei-a-vedonoi-gondozasban-regisztracio\">&#8211;<\/a><a href=\"https:\/\/www.mvszsz.hu\/index.php\/hu\/a-telemedicina-jovotervei-a-vedonoi-gondozasban-regisztracio\">a<\/a><a href=\"https:\/\/www.mvszsz.hu\/index.php\/hu\/a-telemedicina-jovotervei-a-vedonoi-gondozasban-regisztracio\">&#8211;<\/a><a href=\"https:\/\/www.mvszsz.hu\/index.php\/hu\/a-telemedicina-jovotervei-a-vedonoi-gondozasban-regisztracio\">vedonoi<\/a><a href=\"https:\/\/www.mvszsz.hu\/index.php\/hu\/a-telemedicina-jovotervei-a-vedonoi-gondozasban-regisztracio\">gondozasban<\/a><a href=\"https:\/\/www.mvszsz.hu\/index.php\/hu\/a-telemedicina-jovotervei-a-vedonoi-gondozasban-regisztracio\">&#8211;<\/a><a href=\"https:\/\/www.mvszsz.hu\/index.php\/hu\/a-telemedicina-jovotervei-a-vedonoi-gondozasban-regisztracio\">regisztracio<\/a>&nbsp;<\/p>\n\n\n\n<hr class=\"wp-block-separator\"\/>\n\n\n\n<p><strong>A workshop le\u00edr\u00e1sa, c\u00e9lja:&nbsp;&nbsp;&nbsp;&nbsp;<\/strong><\/p>\n\n\n\n<p>A workshop c\u00e9lja: a tele-medicina m\u00f3dszereinek v\u00e9d\u0151n\u0151i szakter\u00fcletre vonatkoz\u00f3 koncepci\u00f3j\u00e1nak, m\u00f3dszereinek kidolgoz\u00e1s\u00e1hoz \u00e1ttekint\u0151 konzult\u00e1ci\u00f3 lehet\u0151s\u00e9g\u00e9nek biztos\u00edt\u00e1sa. A v\u00e9d\u0151n\u0151i gondoz\u00e1s alapvet\u0151en a csal\u00e1dokkal val\u00f3 szem\u00e9lyes foglalkoz\u00e1sra \u00e9p\u00fcl. Tervszer\u0171en \u00e9s r\u00e9szben a csal\u00e1dok otthon\u00e1ban val\u00f3sul meg, r\u00e9szben pedig a v\u00e9d\u0151n\u0151i ell\u00e1t\u00e1st biztos\u00edt\u00f3 tan\u00e1csad\u00f3 helyis\u00e9gekben. A korszer\u0171 kommunik\u00e1ci\u00f3s lehet\u0151s\u00e9gekkel, illetve a vil\u00e1gj\u00e1rv\u00e1ny k\u00e9nyszer\u0171s\u00e9ge miatt a v\u00e9d\u0151n\u0151i szakter\u00fcleteken is sz\u00fcks\u00e9gess\u00e9 v\u00e1lt a telemedicina haszn\u00e1lata \u00e9s a digit\u00e1lis technol\u00f3gi\u00e1k adta lehet\u0151s\u00e9gek bevezet\u00e9se a sz\u0171r\u0151vizsg\u00e1lati m\u00f3dszerek k\u00f6z\u00e9.&nbsp; A csal\u00e1dok \u00e9s a v\u00e9d\u0151n\u0151k spont\u00e1n, a gyakorlatban sz\u00e1mos fejleszt\u00e9st ind\u00edtottak el, els\u0151sorban a kapcsolattart\u00e1s tartalmi \u00e9s technikai fejleszt\u00e9se ter\u00e9n. A v\u00e9d\u0151n\u0151k az \u00faj pand\u00e9mi\u00e1s helyzetben haszn\u00e1lj\u00e1k is a tele-medicina bizonyos lehet\u0151s\u00e9geit. Fontos egy tudatos szakmai fejleszt\u00e9si ir\u00e1nyt kidolgozni arra, hogy a csal\u00e1d\/lakoss\u00e1gk\u00f6zeli ell\u00e1t\u00e1sok keret\u00e9ben v\u00e9gezhet\u0151 tele-medicin\u00e1lis m\u00f3dszerek milyen m\u00f3don j\u00e1rulhatnak hozz\u00e1 a gyorsabb \u00e1llapotfelm\u00e9r\u00e9shez, sz\u0171r\u00e9shez, a min\u00e9l gyorsabb diagn\u00f3zishoz val\u00f3 hozz\u00e1seg\u00edt\u00e9shez. A ter\u00fcleten elindult pilot programok lehet\u0151s\u00e9get adnak a fejleszt\u00e9si ir\u00e1nyok \u00e9s lehet\u0151s\u00e9gek meghat\u00e1roz\u00e1s\u00e1ban. Az otthon, illetve a tan\u00e1csad\u00f3kban elv\u00e9gezhet\u0151 m\u00e9r\u00e9sek n\u00f6velik a betegbiztons\u00e1got, k\u00edm\u00e9lik a szakell\u00e1t\u00f3i rendszert, cs\u00f6kkentik az id\u0151 \u00e9s munkar\u00e1ford\u00edt\u00e1st.<\/p>\n\n\n\n<p>Rendezv\u00e9nyeinkkel kapcsolatban tov\u00e1bbi inform\u00e1ci\u00f3kat kaphat szervezet\u00fcnk honlapj\u00e1n.<\/p>\n\n\n\n<figure class=\"wp-block-image\"><img decoding=\"async\" src=\"http:\/\/www.mvszsz.hu\/images\/Honlapmegjelenes_ME_BGA_logo_MVSZSZ.png\" alt=\"\"\/><\/figure>\n\n\n\n<p>Tisztelettel v\u00e1rjuk rendezv\u00e9ny\u00fcnkre!<\/p>\n\n\n\n<p>\u00dcdv\u00f6zlettel:&nbsp; &nbsp;&nbsp;&nbsp;&nbsp; &nbsp;&nbsp;&nbsp;&nbsp;&nbsp;&nbsp;&nbsp;&nbsp;&nbsp;&nbsp;&nbsp; &nbsp;&nbsp;&nbsp;&nbsp;&nbsp;&nbsp;&nbsp;&nbsp;&nbsp;&nbsp;&nbsp; &nbsp;&nbsp;&nbsp;&nbsp;&nbsp;&nbsp;&nbsp;&nbsp;&nbsp;&nbsp;&nbsp; &nbsp;&nbsp;&nbsp;&nbsp;&nbsp;&nbsp;&nbsp;&nbsp;&nbsp;&nbsp;&nbsp; &nbsp;<\/p>\n\n\n\n<p><em><strong>V\u00e1rfalvi Marianna<\/strong><\/em>, eln\u00f6k<\/p>\n\n\n\n<hr class=\"wp-block-separator\"\/>\n\n\n\n<p><a href=\"http:\/\/www.mvszsz.hu\/docs\/20220309-Telemedicina_workshop_meghivo.pdf\" target=\"_blank\" rel=\"noreferrer noopener\"><strong>&nbsp;Let\u00f6lthet\u0151 Megh\u00edv\u00f3<\/strong><\/a><\/p>\n","protected":false},"excerpt":{"rendered":"<p>Milyen lesz a v\u00e9d\u0151n\u0151i gondoz\u00e1s a j\u00f6v\u0151ben?&nbsp; Hogyan lehet a v\u00e9d\u0151n\u0151i ell\u00e1t\u00e1s hat\u00e9konys\u00e1g\u00e1t n\u00f6velni, a telemedicina \u00e9s digit\u00e1lis technol\u00f3gia \u00faj lehet\u0151s\u00e9geivel?&nbsp;A v\u00e9d\u0151n\u0151k szerep- \u00e9s feladatv\u00e1ltoz\u00e1sai: milyen fejleszt\u00e9si ir\u00e1nyok lehets\u00e9gesek a gondoz\u00e1sban, a prevenci\u00f3ban, a n\u00e9peg\u00e9szs\u00e9g\u00fcgyben? Hogyan k\u00e9sz\u00edts\u00fck fel a v\u00e9d\u0151n\u0151ket \u00e9s a csal\u00e1dokat a digit\u00e1lis technol\u00f3gi\u00e1k \u00e9s a telemedicina haszn\u00e1lat\u00e1ra?&#8230; <a class=\"continue-reading-link\" href=\"https:\/\/www.szuletik.hu\/?p=214\">Cikk folytat\u00e1sa&#8230; <span class=\"meta-nav\">&rarr; <\/span><\/a><\/p>\n","protected":false},"author":1,"featured_media":138,"comment_status":"closed","ping_status":"open","sticky":false,"template":"","format":"standard","meta":{"footnotes":""},"categories":[4],"tags":[],"class_list":["post-214","post","type-post","status-publish","format-standard","has-post-thumbnail","hentry","category-hireink"],"_links":{"self":[{"href":"https:\/\/www.szuletik.hu\/index.php?rest_route=\/wp\/v2\/posts\/214","targetHints":{"allow":["GET"]}}],"collection":[{"href":"https:\/\/www.szuletik.hu\/index.php?rest_route=\/wp\/v2\/posts"}],"about":[{"href":"https:\/\/www.szuletik.hu\/index.php?rest_route=\/wp\/v2\/types\/post"}],"author":[{"embeddable":true,"href":"https:\/\/www.szuletik.hu\/index.php?rest_route=\/wp\/v2\/users\/1"}],"replies":[{"embeddable":true,"href":"https:\/\/www.szuletik.hu\/index.php?rest_route=%2Fwp%2Fv2%2Fcomments&post=214"}],"version-history":[{"count":3,"href":"https:\/\/www.szuletik.hu\/index.php?rest_route=\/wp\/v2\/posts\/214\/revisions"}],"predecessor-version":[{"id":220,"href":"https:\/\/www.szuletik.hu\/index.php?rest_route=\/wp\/v2\/posts\/214\/revisions\/220"}],"wp:featuredmedia":[{"embeddable":true,"href":"https:\/\/www.szuletik.hu\/index.php?rest_route=\/wp\/v2\/media\/138"}],"wp:attachment":[{"href":"https:\/\/www.szuletik.hu\/index.php?rest_route=%2Fwp%2Fv2%2Fmedia&parent=214"}],"wp:term":[{"taxonomy":"category","embeddable":true,"href":"https:\/\/www.szuletik.hu\/index.php?rest_route=%2Fwp%2Fv2%2Fcategories&post=214"},{"taxonomy":"post_tag","embeddable":true,"href":"https:\/\/www.szuletik.hu\/index.php?rest_route=%2Fwp%2Fv2%2Ftags&post=214"}],"curies":[{"name":"wp","href":"https:\/\/api.w.org\/{rel}","templated":true}]}}