{"id":217,"date":"2022-03-06T19:34:44","date_gmt":"2022-03-06T19:34:44","guid":{"rendered":"http:\/\/vuszuka.portalis.hu\/?p=217"},"modified":"2022-03-06T19:35:07","modified_gmt":"2022-03-06T19:35:07","slug":"meghivo-2","status":"publish","type":"post","link":"https:\/\/www.szuletik.hu\/?p=217","title":{"rendered":"MEGH\u00cdV\u00d3 &#8211; &#8220;ASSZERTEEN APPLIK\u00c1CI\u00d3 \u2013 A FIATALOK KOMMUNIK\u00c1CI\u00d3J\u00c1NAK T\u00c1MOGAT\u00c1SA  EUR\u00d3PA J\u00d6V\u0150J\u00c9\u00c9RT&#8221;"},"content":{"rendered":"\n<p><strong>Eur\u00f3pa j\u00f6v\u0151j\u00e9nek egyik z\u00e1loga az emberek ment\u00e1lis eg\u00e9szs\u00e9gi \u00e1llapota, az elfogad\u00f3 \u00e9s hat\u00e9kony kommunik\u00e1ci\u00f3 elsaj\u00e1t\u00edt\u00e1sa \u00e9s megfelel\u0151 haszn\u00e1lata. Az asszert\u00edv kommunik\u00e1ci\u00f3s m\u00f3dszertan tanulhat\u00f3 \u00e9s tan\u00edthat\u00f3, \u00e1ltal\u00e1nos elterjed\u00e9se azonban sok t\u00e9nyez\u0151t\u0151l f\u00fcgg \u2013 t\u00f6bbek k\u00f6z\u00f6tt az emberek befogad\u00f3k\u00e9pess\u00e9g\u00e9t, nyitotts\u00e1g\u00e1t kell \u00f6szt\u00f6n\u00f6zni.<\/strong><\/p>\n\n\n\n<p><strong><a href=\"https:\/\/forms.gle\/vfCQkb4Yhh7rkw8e6\" target=\"_blank\" rel=\"noreferrer noopener\">Az esem\u00e9nyre itt tud regisztr\u00e1lni.<\/a><\/strong><\/p>\n\n\n\n<hr class=\"wp-block-separator\" id=\"system-readmore\"\/>\n\n\n\n<p>A V\u00e9d\u0151n\u0151k\u00e9rt, \u00faj sz\u00fcl\u0151k- \u00e9s \u00fajsz\u00fcl\u00f6ttek\u00e9rt Alap\u00edtv\u00e1ny a Konferencia Eur\u00f3pa J\u00f6v\u0151j\u00e9r\u0151l konferencia sorozat keret\u00e9ben val\u00f3s\u00edtja meg az online workshopot a Minisztereln\u00f6ks\u00e9g t\u00e1mogat\u00e1s\u00e1val.&nbsp;<\/p>\n\n\n\n<figure class=\"wp-block-image\"><img decoding=\"async\" src=\"http:\/\/www.mvszsz.hu\/images\/eumvszsz.png\" alt=\"\"\/><\/figure>\n\n\n\n<p><strong>El\u0151ad\u00f3k: Krist\u00f3f R\u00f3bert \u00e9s K\u00e9ri P\u00e9ter<\/strong>&nbsp;(\u00c9bred\u00e9sek Alap\u00edtv\u00e1ny)<br><strong>Moder\u00e1tor:&nbsp;<\/strong>V\u00e1rfalvi Marianna (V\u00e9d\u0151n\u0151k\u00e9rt, \u00faj sz\u00fcl\u0151k \u00e9s \u00fajsz\u00fcl\u00f6ttek\u00e9rt Alap\u00edtv\u00e1ny)&nbsp;&nbsp;<\/p>\n\n\n\n<p><strong>&nbsp;Id\u0151pont:<\/strong>&nbsp;<strong>2022. m\u00e1rcius 07. 17:00 \u2013 18:30<br>&nbsp;Helysz\u00edn:<\/strong>&nbsp;Zoom kommunik\u00e1ci\u00f3s fel\u00fclet&nbsp;&nbsp;<a href=\"https:\/\/us02web.zoom.us\/j\/82236749048?pwd=RnZReGZUWkZGeVZCMXZDU01FekFhQT09\">https:\/\/us02web.zoom.us\/j\/82236749048?pwd=RnZReGZUWkZGeVZCMXZDU01FekFhQT09<\/a>&nbsp;\/\/ Meeting ID: 822 3674 9048 \/\/&nbsp; Jelsz\u00f3: 222709<br><strong>&nbsp;<\/strong><strong>Regisztr\u00e1ci\u00f3<\/strong>:&nbsp;<a href=\"https:\/\/forms.gle\/vfCQkb4Yhh7rkw8e6\">https:\/\/forms.gle\/vfCQkb4Yhh7rkw8e6<\/a><\/p>\n\n\n\n<hr class=\"wp-block-separator\"\/>\n\n\n\n<p><strong>A workshop le\u00edr\u00e1sa, c\u00e9lja:&nbsp;&nbsp;&nbsp;&nbsp;<\/strong><\/p>\n\n\n\n<p>Eur\u00f3pa j\u00f6v\u0151j\u00e9nek egyik z\u00e1loga az emberek ment\u00e1lis eg\u00e9szs\u00e9gi \u00e1llapota, az elfogad\u00f3 \u00e9s hat\u00e9kony kommunik\u00e1ci\u00f3 elsaj\u00e1t\u00edt\u00e1sa \u00e9s megfelel\u0151 haszn\u00e1lata. Az asszert\u00edv kommunik\u00e1ci\u00f3s m\u00f3dszertan tanulhat\u00f3 \u00e9s tan\u00edthat\u00f3, \u00e1ltal\u00e1nos elterjed\u00e9se azonban sok t\u00e9nyez\u0151t\u0151l f\u00fcgg \u2013 t\u00f6bbek k\u00f6z\u00f6tt az emberek befogad\u00f3k\u00e9pess\u00e9g\u00e9t, nyitotts\u00e1g\u00e1t kell \u00f6szt\u00f6n\u00f6zni.&nbsp;<\/p>\n\n\n\n<p>Magyarorsz\u00e1gon j\u00f3 hagyom\u00e1nyai vannak a m\u00f3dszer oktat\u00e1s\u00e1nak, amelyben az \u00c9bred\u00e9sek Alap\u00edtv\u00e1ny is p\u00e9lda\u00e9rt\u00e9k\u0171 programokat, fejleszt\u00e9seket val\u00f3s\u00edt meg. Alap\u00edtv\u00e1nyaink t\u00f6bb \u00e9ves egy\u00fcttm\u0171k\u00f6d\u00e9se keret\u00e9ben bemutatjuk a tin\u00e9dzser koroszt\u00e1lynak \u2014 a ment\u00e1lis eg\u00e9szs\u00e9g fejleszt\u00e9s\u00e9t \u00e9s az emberek k\u00f6z\u00f6tti kommunik\u00e1ci\u00f3 hat\u00e9konys\u00e1g\u00e1t \u2014 kifejlesztett telefonos applik\u00e1ci\u00f3t, amelyet a koroszt\u00e1lyt nevel\u0151 csal\u00e1dok, iskolai \u00e9s ter\u00fcleti v\u00e9d\u0151n\u0151k figyelm\u00e9be is aj\u00e1nlunk.<\/p>\n\n\n\n<p>Ez a koroszt\u00e1ly saj\u00e1tos kommunik\u00e1ci\u00f3s t\u00e9rben mozog \u00e9s \u00e9letkori saj\u00e1toss\u00e1gaik miatt is k\u00fcl\u00f6nleges ez a fejleszt\u00e9s.<\/p>\n\n\n\n<p>A r\u00e9sztvev\u0151k, megismerve az applik\u00e1ci\u00f3 m\u0171k\u00f6d\u00e9s\u00e9t \u00e9s elm\u00e9leti h\u00e1tter\u00e9t v\u00e1laszt keresnek arra, milyen m\u00f3don, milyen csatorn\u00e1kon tudj\u00e1k a c\u00e9lcsoport sz\u00e1m\u00e1ra ismertt\u00e9 tenni ezt a lehet\u0151s\u00e9get.<\/p>\n\n\n\n<p>Az \u00faj m\u00f3dszer c\u00e9lja az is, hogy javuljon a gener\u00e1ci\u00f3k k\u00f6z\u00f6tti egy\u00fcttm\u0171k\u00f6d\u00e9s, a hat\u00e9konyabb p\u00e1rbesz\u00e9d \u00e9s v\u00e9d\u0151n\u0151k eset\u00e9ben az eg\u00e9szs\u00e9g\u00fcgyi ell\u00e1t\u00e1s \u00e9s a csal\u00e1dok k\u00f6z\u00f6tti p\u00e1rbesz\u00e9d.<\/p>\n\n\n\n<p>Rendezv\u00e9nyeinkkel kapcsolatban tov\u00e1bbi inform\u00e1ci\u00f3kat kaphat szervezet\u00fcnk honlapj\u00e1n.<\/p>\n\n\n\n<figure class=\"wp-block-image\"><img decoding=\"async\" src=\"http:\/\/www.mvszsz.hu\/images\/header.png\" alt=\"\"\/><\/figure>\n\n\n\n<figure class=\"wp-block-image\"><img decoding=\"async\" src=\"http:\/\/www.mvszsz.hu\/images\/Honlapmegjelenes_ME_BGA_logo_MVSZSZ.png\" alt=\"\"\/><\/figure>\n\n\n\n<p>Tisztelettel v\u00e1rjuk rendezv\u00e9ny\u00fcnkre!<\/p>\n\n\n\n<p>&nbsp;&nbsp;&nbsp;&nbsp;&nbsp;&nbsp; \u00dcdv\u00f6zlettel:&nbsp; &nbsp;&nbsp;&nbsp; &nbsp;&nbsp;&nbsp;&nbsp;&nbsp;&nbsp;&nbsp;&nbsp;&nbsp;&nbsp;&nbsp; &nbsp;&nbsp;&nbsp;&nbsp;&nbsp;&nbsp;&nbsp;&nbsp;&nbsp;&nbsp;&nbsp; &nbsp;&nbsp;&nbsp;&nbsp;&nbsp;&nbsp;&nbsp;&nbsp;&nbsp;&nbsp;&nbsp; &nbsp;&nbsp;&nbsp;&nbsp;&nbsp;&nbsp;&nbsp;&nbsp;&nbsp;&nbsp;&nbsp; &nbsp;<\/p>\n\n\n\n<p><em><strong>V\u00e1rfalvi Marianna<\/strong><\/em>, a kurat\u00f3rium eln\u00f6ke<\/p>\n\n\n\n<hr class=\"wp-block-separator\"\/>\n\n\n\n<p><a href=\"http:\/\/www.mvszsz.hu\/docs\/Meghi%CC%81vo%CC%81_20220307-Asszerteen_app_online_workshop.pdf\" target=\"_blank\" rel=\"noreferrer noopener\"><strong>&nbsp;Let\u00f6lthet\u0151 Megh\u00edv\u00f3<\/strong><\/a><\/p>\n","protected":false},"excerpt":{"rendered":"<p>Eur\u00f3pa j\u00f6v\u0151j\u00e9nek egyik z\u00e1loga az emberek ment\u00e1lis eg\u00e9szs\u00e9gi \u00e1llapota, az elfogad\u00f3 \u00e9s hat\u00e9kony kommunik\u00e1ci\u00f3 elsaj\u00e1t\u00edt\u00e1sa \u00e9s megfelel\u0151 haszn\u00e1lata. Az asszert\u00edv kommunik\u00e1ci\u00f3s m\u00f3dszertan tanulhat\u00f3 \u00e9s tan\u00edthat\u00f3, \u00e1ltal\u00e1nos elterjed\u00e9se azonban sok t\u00e9nyez\u0151t\u0151l f\u00fcgg \u2013 t\u00f6bbek k\u00f6z\u00f6tt az emberek befogad\u00f3k\u00e9pess\u00e9g\u00e9t, nyitotts\u00e1g\u00e1t kell \u00f6szt\u00f6n\u00f6zni. Az esem\u00e9nyre itt tud regisztr\u00e1lni. A V\u00e9d\u0151n\u0151k\u00e9rt, \u00faj sz\u00fcl\u0151k- \u00e9s&#8230; <a class=\"continue-reading-link\" href=\"https:\/\/www.szuletik.hu\/?p=217\">Cikk folytat\u00e1sa&#8230; <span class=\"meta-nav\">&rarr; <\/span><\/a><\/p>\n","protected":false},"author":1,"featured_media":138,"comment_status":"closed","ping_status":"open","sticky":false,"template":"","format":"standard","meta":{"footnotes":""},"categories":[4],"tags":[],"class_list":["post-217","post","type-post","status-publish","format-standard","has-post-thumbnail","hentry","category-hireink"],"_links":{"self":[{"href":"https:\/\/www.szuletik.hu\/index.php?rest_route=\/wp\/v2\/posts\/217","targetHints":{"allow":["GET"]}}],"collection":[{"href":"https:\/\/www.szuletik.hu\/index.php?rest_route=\/wp\/v2\/posts"}],"about":[{"href":"https:\/\/www.szuletik.hu\/index.php?rest_route=\/wp\/v2\/types\/post"}],"author":[{"embeddable":true,"href":"https:\/\/www.szuletik.hu\/index.php?rest_route=\/wp\/v2\/users\/1"}],"replies":[{"embeddable":true,"href":"https:\/\/www.szuletik.hu\/index.php?rest_route=%2Fwp%2Fv2%2Fcomments&post=217"}],"version-history":[{"count":2,"href":"https:\/\/www.szuletik.hu\/index.php?rest_route=\/wp\/v2\/posts\/217\/revisions"}],"predecessor-version":[{"id":219,"href":"https:\/\/www.szuletik.hu\/index.php?rest_route=\/wp\/v2\/posts\/217\/revisions\/219"}],"wp:featuredmedia":[{"embeddable":true,"href":"https:\/\/www.szuletik.hu\/index.php?rest_route=\/wp\/v2\/media\/138"}],"wp:attachment":[{"href":"https:\/\/www.szuletik.hu\/index.php?rest_route=%2Fwp%2Fv2%2Fmedia&parent=217"}],"wp:term":[{"taxonomy":"category","embeddable":true,"href":"https:\/\/www.szuletik.hu\/index.php?rest_route=%2Fwp%2Fv2%2Fcategories&post=217"},{"taxonomy":"post_tag","embeddable":true,"href":"https:\/\/www.szuletik.hu\/index.php?rest_route=%2Fwp%2Fv2%2Ftags&post=217"}],"curies":[{"name":"wp","href":"https:\/\/api.w.org\/{rel}","templated":true}]}}