{"id":221,"date":"2022-03-06T19:48:30","date_gmt":"2022-03-06T19:48:30","guid":{"rendered":"http:\/\/vuszuka.portalis.hu\/?p=221"},"modified":"2022-03-10T11:37:51","modified_gmt":"2022-03-10T11:37:51","slug":"meghivo-noi-egeszsegnap-dr-hugonnai-vilma-elso-magyar-orvosno-szerepe-a-csaladok-es-nok-egeszsegenek-megorzeseben-europa-jovojeert","status":"publish","type":"post","link":"https:\/\/www.szuletik.hu\/?p=221","title":{"rendered":"MEGH\u00cdV\u00d3 &#8211; &#8220;N\u0151i Eg\u00e9szs\u00e9gnap dr. Hugonnai Vilma els\u0151 magyar orvosn\u0151 szerepe a csal\u00e1dok \u00e9s n\u0151k eg\u00e9szs\u00e9g\u00e9nek meg\u0151rz\u00e9s\u00e9ben \u2013 Eur\u00f3pa j\u00f6v\u0151j\u00e9\u00e9rt&#8221;"},"content":{"rendered":"\n<p><strong>A N\u0151i Eg\u00e9szs\u00e9gnap Magyarorsz\u00e1g \u00e9s Eur\u00f3pa egyik kiemelked\u0151 szem\u00e9lyis\u00e9g\u00e9re val\u00f3 eml\u00e9kez\u00e9s, amelyben dr. Hugonnai Vilm\u00e1ra az els\u0151 magyar orvosn\u0151re helyezi a hangs\u00falyt. Hugonnai Vilma hal\u00e1l\u00e1nak 100. \u00e9vfordul\u00f3ja az UNESCO-val k\u00f6z\u00f6s megeml\u00e9kez\u00e9s rendezv\u00e9nysorozata keret\u00e9ben val\u00f3sul meg. Partneri egy\u00fcttm\u0171k\u00f6d\u00e9s alakult ki a jeles \u00e9vfordul\u00f3 meg\u00fcnnepl\u00e9s\u00e9re az UNESCO Magyar Nemzeti Bizotts\u00e1ggal, a Magyar N\u0151i Uni\u00f3 Egyes\u00fclettel, a Magyar Orvost\u00f6rt\u00e9neti M\u00fazeum \u00e9s K\u00f6nyvt\u00e1rral, a Semmelweis Egyetemmel, a Kopp M\u00e1ria Int\u00e9zettel a N\u00e9pesed\u00e9s\u00e9rt \u00e9s Csal\u00e1dok\u00e9rt, a Magyar Sz\u00fcl\u00e9szn\u0151k Egyes\u00fclet\u00e9vel, a Magyar V\u00e9d\u0151n\u0151k Szakmai Sz\u00f6vets\u00e9g\u00e9vel \u00e9s tov\u00e1bbi csatlakoz\u00f3 int\u00e9zm\u00e9nyekkel, szervezetekkel.<\/strong><\/p>\n\n\n\n<p><strong><a href=\"https:\/\/docs.google.com\/forms\/d\/e\/1FAIpQLSdZ8zbwal5Hf_bmpwzlzlXlKqc05aHWoc-uqB9glfsYKZF2hA\/viewform?usp=sf_link\" target=\"_blank\" rel=\"noreferrer noopener\">Az esem\u00e9nyre itt tud regisztr\u00e1lni.<\/a><\/strong><\/p>\n\n\n\n<hr class=\"wp-block-separator\" id=\"system-readmore\"\/>\n\n\n\n<figure class=\"wp-block-image\"><img decoding=\"async\" src=\"http:\/\/www.mvszsz.hu\/images\/eumvszsz.png\" alt=\"\"\/><\/figure>\n\n\n\n<p><strong>&nbsp;Id\u0151pont:&nbsp;<\/strong>2022. m\u00e1rcius 11. 10:00 \u2013 12:00<br><strong>&nbsp;V\u00e9dn\u00f6k:<\/strong>&nbsp;Prof. Dr. K\u00e1sler Mikl\u00f3s miniszter \u2013 Emberi Er\u0151forr\u00e1sok Miniszt\u00e9riuma<br><strong>&nbsp;Helysz\u00edn:&nbsp;<\/strong>Semmelweis Orvost\u00f6rt\u00e9neti M\u00fazeum \/\/ 1013 Budapest, Apr\u00f3d u. 1-3.<br><strong>&nbsp;Jelleg:&nbsp;<\/strong>45 f\u0151ig szem\u00e9lyes r\u00e9szv\u00e9tellel megval\u00f3sul\u00f3, online k\u00f6zvet\u00edtett m\u0171helybesz\u00e9lget\u00e9s<br><strong>&nbsp;Regisztr\u00e1ci\u00f3:<\/strong>&nbsp;<a href=\"https:\/\/docs.google.com\/forms\/d\/e\/1FAIpQLSdZ8zbwal5Hf_bmpwzlzlXlKqc05aHWoc-uqB9glfsYKZF2hA\/viewform?usp=sf_link\" target=\"_blank\" rel=\"noreferrer noopener\">https:\/\/docs.google.com\/forms\/d\/e\/1FAIpQLSdZ8zbwal5Hf_bmpwzlzlXlKqc05aHWoc-uqB9glfsYKZF2hA\/viewform?usp=sf_link<\/a>&nbsp;<a href=\"https:\/\/www.mvszsz.hu\/index.php\/hu\/a-szoptatas-es-anyatejadas-erositese-europa-jovojeert-regisztracio\"><br><\/a><strong>&nbsp;K\u00f6zvet\u00edt\u00e9s:<\/strong>&nbsp;<a href=\"https:\/\/us02web.zoom.us\/j\/87608935843?pwd=MnR5R3B1ODZsaUE5TEhqQ0RQdWxMUT09\" target=\"_blank\" rel=\"noreferrer noopener\">https:\/\/us02web.zoom.us\/j\/87608935843?pwd=MnR5R3B1ODZsaUE5TEhqQ0RQdWxMUT09<\/a>&nbsp;<br><strong>&nbsp;Le\u00edr\u00e1s:<\/strong>&nbsp; &nbsp; &nbsp; &nbsp; &nbsp; &nbsp; &nbsp;<br>A N\u0151i Eg\u00e9szs\u00e9gnap Magyarorsz\u00e1g \u00e9s Eur\u00f3pa egyik kiemelked\u0151 szem\u00e9lyis\u00e9g\u00e9re val\u00f3 eml\u00e9kez\u00e9s, amelyben dr. Hugonnai Vilm\u00e1ra az els\u0151 magyar orvosn\u0151re helyezi a hangs\u00falyt. Hugonnai Vilma hal\u00e1l\u00e1nak 100. \u00e9vfordul\u00f3ja az UNESCO-val k\u00f6z\u00f6s megeml\u00e9kez\u00e9s rendezv\u00e9nysorozata keret\u00e9ben val\u00f3sul meg. Partneri egy\u00fcttm\u0171k\u00f6d\u00e9s alakult ki a jeles \u00e9vfordul\u00f3 meg\u00fcnnepl\u00e9s\u00e9re az UNESCO Magyar Nemzeti Bizotts\u00e1ggal, a Magyar N\u0151i Uni\u00f3 Egyes\u00fclettel, a Magyar Orvost\u00f6rt\u00e9neti M\u00fazeum \u00e9s K\u00f6nyvt\u00e1rral, a Semmelweis Egyetemmel, a Kopp M\u00e1ria Int\u00e9zettel a N\u00e9pesed\u00e9s\u00e9rt \u00e9s Csal\u00e1dok\u00e9rt, a Magyar Sz\u00fcl\u00e9szn\u0151k Egyes\u00fclet\u00e9vel, a Magyar V\u00e9d\u0151n\u0151k Szakmai Sz\u00f6vets\u00e9g\u00e9vel \u00e9s tov\u00e1bbi csatlakoz\u00f3 int\u00e9zm\u00e9nyekkel, szervezetekkel.<\/p>\n\n\n\n<p>A partneri egy\u00fcttm\u0171k\u00f6d\u00e9s keret\u00e9ben a r\u00e9sztvev\u0151 szervezetek kinyilv\u00e1n\u00edtj\u00e1k az els\u0151 magyar orvosn\u0151 p\u00e9ldamutat\u00f3 p\u00e1lyafut\u00e1s\u00e1nak a mai korra sz\u00f3l\u00f3 \u00e9rt\u00e9keit, amelyben k\u00fcl\u00f6n szerepet j\u00e1tszott a n\u0151k oktat\u00e1s\u00e1nak magasabb szint\u0171 iskol\u00e1zotts\u00e1g\u00e1nak kiv\u00edv\u00e1sa. \u00c9letm\u0171ve, \u00e9letp\u00e1ly\u00e1ja Sv\u00e1jcban szerzett orvosi diplom\u00e1j\u00e1nak elismertet\u00e9s\u00e9ig is az eg\u00e9szs\u00e9g\u00fcgyben a sz\u00fcl\u00e9szn\u0151i hivat\u00e1s gyakorl\u00e1s\u00e1ban adott p\u00e9ld\u00e1t. A konferenci\u00e1n tartott megeml\u00e9kez\u00e9s \u00e9s \u00e9letm\u0171v\u00e9nek m\u00e9ltat\u00e1sa a mai koroszt\u00e1lyok sz\u00e1m\u00e1ra is olyan \u00fczeneteket fogalmaz meg amelyek er\u0151t adnak az eg\u00e9szs\u00e9g\u00fcgy jelenlegi, vil\u00e1gj\u00e1rv\u00e1ny okozta neh\u00e9zs\u00e9geiben. Az \u00e9v sor\u00e1n tervezett megeml\u00e9kez\u00e9ssorozat nyit\u00f3 esem\u00e9nyek\u00e9nt sz\u00e9les t\u00e1rsadalmi r\u00e9tegeket \u00e9s Eur\u00f3p\u00e1t is megsz\u00f3l\u00edtja \u00e9s arra \u00f6szt\u00f6nzi, hogy az eg\u00e9szs\u00e9g\u00fcgyi, anyai, a n\u0151k k\u00f6z\u00e9leti hivat\u00e1s\u00e1ban bet\u00f6lt\u00f6tt szerep\u00e9t \u00e1tgondolja \u00e9s a j\u00f3 p\u00e9ld\u00e1kat kihangos\u00edtsa.<\/p>\n\n\n\n<hr class=\"wp-block-separator\"\/>\n\n\n\n<figure class=\"wp-block-image\"><img decoding=\"async\" src=\"http:\/\/www.mvszsz.hu\/images\/Honlapmegjelenes_ME_BGA_logo_MVSZSZ.png\" alt=\"\"\/><\/figure>\n\n\n\n<hr class=\"wp-block-separator\"\/>\n\n\n\n<p><strong><a href=\"http:\/\/www.mvszsz.hu\/docs\/2022-03-11-meghivo.pdf\" target=\"_blank\" rel=\"noreferrer noopener\">\u00a0Let\u00f6lthet\u0151 Megh\u00edv\u00f3<\/a><\/strong><br><a rel=\"noreferrer noopener\" href=\"http:\/\/www.mvszsz.hu\/docs\/20220311-program.pdf\" target=\"_blank\"><\/a><strong><a rel=\"noreferrer noopener\" href=\"http:\/\/www.mvszsz.hu\/docs\/2022-03-11-program.pdf\" target=\"_blank\"><strong>\u00a0Let\u00f6lthet\u0151\u00a0Program<\/strong><\/a><\/strong><\/p>\n\n\n\n<p><\/p>\n","protected":false},"excerpt":{"rendered":"<p>A N\u0151i Eg\u00e9szs\u00e9gnap Magyarorsz\u00e1g \u00e9s Eur\u00f3pa egyik kiemelked\u0151 szem\u00e9lyis\u00e9g\u00e9re val\u00f3 eml\u00e9kez\u00e9s, amelyben dr. Hugonnai Vilm\u00e1ra az els\u0151 magyar orvosn\u0151re helyezi a hangs\u00falyt. Hugonnai Vilma hal\u00e1l\u00e1nak 100. \u00e9vfordul\u00f3ja az UNESCO-val k\u00f6z\u00f6s megeml\u00e9kez\u00e9s rendezv\u00e9nysorozata keret\u00e9ben val\u00f3sul meg. Partneri egy\u00fcttm\u0171k\u00f6d\u00e9s alakult ki a jeles \u00e9vfordul\u00f3 meg\u00fcnnepl\u00e9s\u00e9re az UNESCO Magyar Nemzeti Bizotts\u00e1ggal, a Magyar&#8230; <a class=\"continue-reading-link\" href=\"https:\/\/www.szuletik.hu\/?p=221\">Cikk folytat\u00e1sa&#8230; <span class=\"meta-nav\">&rarr; <\/span><\/a><\/p>\n","protected":false},"author":1,"featured_media":138,"comment_status":"closed","ping_status":"open","sticky":false,"template":"","format":"standard","meta":{"footnotes":""},"categories":[4],"tags":[],"class_list":["post-221","post","type-post","status-publish","format-standard","has-post-thumbnail","hentry","category-hireink"],"_links":{"self":[{"href":"https:\/\/www.szuletik.hu\/index.php?rest_route=\/wp\/v2\/posts\/221","targetHints":{"allow":["GET"]}}],"collection":[{"href":"https:\/\/www.szuletik.hu\/index.php?rest_route=\/wp\/v2\/posts"}],"about":[{"href":"https:\/\/www.szuletik.hu\/index.php?rest_route=\/wp\/v2\/types\/post"}],"author":[{"embeddable":true,"href":"https:\/\/www.szuletik.hu\/index.php?rest_route=\/wp\/v2\/users\/1"}],"replies":[{"embeddable":true,"href":"https:\/\/www.szuletik.hu\/index.php?rest_route=%2Fwp%2Fv2%2Fcomments&post=221"}],"version-history":[{"count":4,"href":"https:\/\/www.szuletik.hu\/index.php?rest_route=\/wp\/v2\/posts\/221\/revisions"}],"predecessor-version":[{"id":229,"href":"https:\/\/www.szuletik.hu\/index.php?rest_route=\/wp\/v2\/posts\/221\/revisions\/229"}],"wp:featuredmedia":[{"embeddable":true,"href":"https:\/\/www.szuletik.hu\/index.php?rest_route=\/wp\/v2\/media\/138"}],"wp:attachment":[{"href":"https:\/\/www.szuletik.hu\/index.php?rest_route=%2Fwp%2Fv2%2Fmedia&parent=221"}],"wp:term":[{"taxonomy":"category","embeddable":true,"href":"https:\/\/www.szuletik.hu\/index.php?rest_route=%2Fwp%2Fv2%2Fcategories&post=221"},{"taxonomy":"post_tag","embeddable":true,"href":"https:\/\/www.szuletik.hu\/index.php?rest_route=%2Fwp%2Fv2%2Ftags&post=221"}],"curies":[{"name":"wp","href":"https:\/\/api.w.org\/{rel}","templated":true}]}}