{"id":231,"date":"2022-06-13T08:54:05","date_gmt":"2022-06-13T08:54:05","guid":{"rendered":"http:\/\/www.szuletik.hu\/?p=231"},"modified":"2022-06-13T08:56:26","modified_gmt":"2022-06-13T08:56:26","slug":"ma-van-a-vedonok-napja","status":"publish","type":"post","link":"https:\/\/www.szuletik.hu\/?p=231","title":{"rendered":"Ma van a V\u00c9D\u0150N\u0150K NAPJA!"},"content":{"rendered":"\n<p><strong>K\u00f6sz\u00f6net az Alap\u00edt\u00f3knak, \u00e9s mindazoknak, akik elismertt\u00e9, \u00e9s \u00e9rt\u00e9kess\u00e9 tett\u00e9k \u00e9s teszik ezt a m\u00e9lt\u00e1n HUNGARIKUM, Magyar \u00d6r\u00f6ks\u00e9g D\u00edjas hivat\u00e1st!<\/strong><\/p>\n\n\n\n<p>\u00c9rt\u00e9ket \u0151rz\u00fcnk, meg\u00fajulunk, a megold\u00e1sokat keress\u00fck a csal\u00e1doknak, gondozottaknak. &#8220;A j\u00f6v\u0151t fejlesztj\u00fck a m\u00e1ban &#8211; egy\u00fctt vagyunk j\u00f3k!&#8221; &#8211; ahogy az Magyar V\u00e9d\u0151n\u0151k Szakmai Sz\u00f6vets\u00e9ge k\u00fcldet\u00e9si jelmondata is fogalmaz<\/p>\n\n\n\n<!--more-->\n\n\n\n<p>Aj\u00e1nd\u00e9kul ebb\u0151l az alkalomb\u00f3l megjelent az AranyPajzs &#8211; a csal\u00e1d v\u00e9delm\u00e9nek tudom\u00e1nya c\u00edm\u0171 tudom\u00e1nyos foly\u00f3irat: <a href=\"http:\/\/aranypajzsfolyoirat.hu\/\" target=\"_blank\" rel=\"noreferrer noopener\">aranypajzsfolyoirat.hu<\/a>.<\/p>\n\n\n\n<figure class=\"wp-block-image size-full\"><a href=\"http:\/\/www.aranypajzsfolyoirat.hu\" target=\"_blank\" rel=\"noreferrer noopener\"><img loading=\"lazy\" decoding=\"async\" width=\"511\" height=\"625\" src=\"http:\/\/www.szuletik.hu\/wp-content\/uploads\/2022\/06\/ap2022-1.png\" alt=\"\" class=\"wp-image-232\" srcset=\"https:\/\/www.szuletik.hu\/wp-content\/uploads\/2022\/06\/ap2022-1.png 511w, https:\/\/www.szuletik.hu\/wp-content\/uploads\/2022\/06\/ap2022-1-245x300.png 245w, https:\/\/www.szuletik.hu\/wp-content\/uploads\/2022\/06\/ap2022-1-123x150.png 123w\" sizes=\"auto, (max-width: 511px) 100vw, 511px\" \/><\/a><\/figure>\n\n\n\n<p>K\u00d6SZ\u00d6NET \u00e9s \u00dcDV\u00d6ZLET a V\u00c9D\u0150N\u0150KNEK!<\/p>\n\n\n\n<p><strong>V\u00e1rfalvi Marianna<\/strong><br>eln\u00f6k<\/p>\n\n\n\n<p><strong>Szij Ildik\u00f3 \/\/ Cs\u0151sz Katalin \/\/ dr. R\u00e1k\u00f3czi Ildik\u00f3<\/strong><br>eln\u00f6ks\u00e9gi tagok<\/p>\n","protected":false},"excerpt":{"rendered":"<p>K\u00f6sz\u00f6net az Alap\u00edt\u00f3knak, \u00e9s mindazoknak, akik elismertt\u00e9, \u00e9s \u00e9rt\u00e9kess\u00e9 tett\u00e9k \u00e9s teszik ezt a m\u00e9lt\u00e1n HUNGARIKUM, Magyar \u00d6r\u00f6ks\u00e9g D\u00edjas hivat\u00e1st! \u00c9rt\u00e9ket \u0151rz\u00fcnk, meg\u00fajulunk, a megold\u00e1sokat keress\u00fck a csal\u00e1doknak, gondozottaknak. &#8220;A j\u00f6v\u0151t fejlesztj\u00fck a m\u00e1ban &#8211; egy\u00fctt vagyunk j\u00f3k!&#8221; &#8211; ahogy az Magyar V\u00e9d\u0151n\u0151k Szakmai Sz\u00f6vets\u00e9ge k\u00fcldet\u00e9si jelmondata is fogalmaz<\/p>\n","protected":false},"author":1,"featured_media":233,"comment_status":"closed","ping_status":"open","sticky":false,"template":"","format":"standard","meta":{"footnotes":""},"categories":[4],"tags":[],"class_list":["post-231","post","type-post","status-publish","format-standard","has-post-thumbnail","hentry","category-hireink"],"_links":{"self":[{"href":"https:\/\/www.szuletik.hu\/index.php?rest_route=\/wp\/v2\/posts\/231","targetHints":{"allow":["GET"]}}],"collection":[{"href":"https:\/\/www.szuletik.hu\/index.php?rest_route=\/wp\/v2\/posts"}],"about":[{"href":"https:\/\/www.szuletik.hu\/index.php?rest_route=\/wp\/v2\/types\/post"}],"author":[{"embeddable":true,"href":"https:\/\/www.szuletik.hu\/index.php?rest_route=\/wp\/v2\/users\/1"}],"replies":[{"embeddable":true,"href":"https:\/\/www.szuletik.hu\/index.php?rest_route=%2Fwp%2Fv2%2Fcomments&post=231"}],"version-history":[{"count":5,"href":"https:\/\/www.szuletik.hu\/index.php?rest_route=\/wp\/v2\/posts\/231\/revisions"}],"predecessor-version":[{"id":238,"href":"https:\/\/www.szuletik.hu\/index.php?rest_route=\/wp\/v2\/posts\/231\/revisions\/238"}],"wp:featuredmedia":[{"embeddable":true,"href":"https:\/\/www.szuletik.hu\/index.php?rest_route=\/wp\/v2\/media\/233"}],"wp:attachment":[{"href":"https:\/\/www.szuletik.hu\/index.php?rest_route=%2Fwp%2Fv2%2Fmedia&parent=231"}],"wp:term":[{"taxonomy":"category","embeddable":true,"href":"https:\/\/www.szuletik.hu\/index.php?rest_route=%2Fwp%2Fv2%2Fcategories&post=231"},{"taxonomy":"post_tag","embeddable":true,"href":"https:\/\/www.szuletik.hu\/index.php?rest_route=%2Fwp%2Fv2%2Ftags&post=231"}],"curies":[{"name":"wp","href":"https:\/\/api.w.org\/{rel}","templated":true}]}}