{"id":240,"date":"2022-08-01T13:14:55","date_gmt":"2022-08-01T13:14:55","guid":{"rendered":"http:\/\/www.szuletik.hu\/?p=240"},"modified":"2022-08-01T13:14:55","modified_gmt":"2022-08-01T13:14:55","slug":"30-eves-az-anyatejes-taplalas-vilagnapja-az-anyatej-minden-cseppje-kincs","status":"publish","type":"post","link":"https:\/\/www.szuletik.hu\/?p=240","title":{"rendered":"30 \u00e9ves az anyatejes t\u00e1pl\u00e1l\u00e1s vil\u00e1gnapja &#8211; Az anyatej minden cseppje kincs\u00a0"},"content":{"rendered":"\n<p><strong>T\u00edzb\u0151l nyolc magyar egyet\u00e9rt azzal, hogy az anyatej a legjobb t\u00e1pl\u00e1l\u00e9k a kisbaba sz\u00e1m\u00e1ra, &#8211; der\u00fcl ki a Kopp M\u00e1ria Int\u00e9zet a N\u00e9pesed\u00e9s\u00e9rt \u00e9s a Csal\u00e1dok\u00e9rt (KINCS) kutat\u00e1s\u00e1b\u00f3l, amely az anyatejes t\u00e1pl\u00e1l\u00e1s vil\u00e1gnapja alkalm\u00e1b\u00f3l k\u00e9sz\u00fclt. Magyarorsz\u00e1g nemzetk\u00f6zi szinten is az \u00e9lvonalba tartozik az anyatejes t\u00e1pl\u00e1l\u00e1s elterjedts\u00e9ge kapcs\u00e1n, amiben a v\u00e9d\u0151n\u0151knek jelent\u0151s szerepe van.<\/strong><\/p>\n\n\n\n<!--more-->\n\n\n\n<p><em>\u201eA gyermekek vil\u00e1grahozatala \u00e9s szoptat\u00e1sa, a biztons\u00e1gos korai anya-gyermek kapcsolat kialak\u00edt\u00e1sa a n\u0151k elidegen\u00edthetetlen feladata, aminek a jelent\u0151s\u00e9g\u00e9re a l\u00e1nyokat, n\u0151ket ma m\u00e9g fontosabb felk\u00e9sz\u00edteni, mint az elm\u00falt \u00e9vsz\u00e1zadokban, amikor term\u00e9szetesen l\u00e1tt\u00e1k maguk k\u00f6r\u00fcl az anyas\u00e1gra felk\u00e9sz\u00edt\u0151 mint\u00e1kat.\u201d&nbsp;<\/em><\/p>\n\n\n\n<p><em>(Prof. Dr. Kopp M\u00e1ria)<\/em><\/p>\n\n\n\n<hr class=\"wp-block-separator has-alpha-channel-opacity\"\/>\n\n\n\n<p>1992 \u00f3ta augusztus 1-j\u00e9n tartj\u00e1k az anyatejes t\u00e1pl\u00e1l\u00e1s vil\u00e1gnapj\u00e1t, hogy felh\u00edvj\u00e1k a figyelmet az anyatej fontoss\u00e1g\u00e1ra. Az Eg\u00e9szs\u00e9g\u00fcgyi Vil\u00e1gszervezet (WHO) javaslata szerint a csecsem\u0151 sz\u00fclet\u00e9s\u00e9nek els\u0151 \u00f3r\u00e1j\u00e1t\u00f3l eg\u00e9szen f\u00e9l \u00e9ves kor\u00e1ig az anyatej a legmegfelel\u0151bb t\u00e1pl\u00e1l\u00e9k a baba sz\u00e1m\u00e1ra, hiszen az anyatejes t\u00e1pl\u00e1l\u00e1s az egyik leghat\u00e9konyabb m\u00f3dja a gyermekek eg\u00e9szs\u00e9gv\u00e9delm\u00e9nek. Vil\u00e1gviszonylatban m\u00e9gis a f\u00e9l \u00e9v alatti kisbab\u00e1knak mind\u00f6ssze 41 sz\u00e1zal\u00e9ka kap kiz\u00e1r\u00f3lag anyatejet. A magas j\u00f6vedelm\u0171 orsz\u00e1gokban minden \u00f6t\u00f6dik csecsem\u0151t soha nem szoptattak. Egy 2018-as felm\u00e9r\u00e9s szerint a valaha is anyatejes szoptat\u00e1sban r\u00e9szes\u00fcl\u0151 csecsem\u0151k ar\u00e1nya a skandin\u00e1v orsz\u00e1gokban kifejezetten magas, 90 sz\u00e1zal\u00e9k feletti, Olaszorsz\u00e1gban 86 sz\u00e1zal\u00e9k, N\u00e9metorsz\u00e1gban 82 sz\u00e1zal\u00e9k, Spanyolorsz\u00e1gban 77 sz\u00e1zal\u00e9k, Franciaorsz\u00e1gban 63 sz\u00e1zal\u00e9k, az USA-ban 74 sz\u00e1zal\u00e9k, \u00cdrorsz\u00e1gban pedig mind\u00f6ssze 55 sz\u00e1zal\u00e9k. Magyarorsz\u00e1gon a gyermekek 94 sz\u00e1zal\u00e9ka \u00e9lete els\u0151 hat h\u00f3napja sor\u00e1n, a sz\u00fcl\u00e9st k\u00f6vet\u0151 napokban mindenk\u00e9ppen kap anyatejet, teh\u00e1t az anyatejes t\u00e1pl\u00e1l\u00e1s kifejezetten n\u00e9pszer\u0171 \u00e9s elterjedt haz\u00e1nkban. Ebben nagyon nagy szerepe van a hungarikumnak sz\u00e1m\u00edt\u00f3 v\u00e9d\u0151n\u0151i ell\u00e1t\u00e1snak, hiszen a v\u00e9d\u0151n\u0151k egyik fontos feladata az \u00e9desany\u00e1k t\u00e1mogat\u00e1sa a gyermekek gondoz\u00e1s\u00e1ban. &nbsp;<\/p>\n\n\n\n<p>A KINCS legfrissebb kutat\u00e1sa az anyatejes t\u00e1pl\u00e1l\u00e1s \u00e9s a v\u00e9d\u0151n\u0151k fontoss\u00e1g\u00e1ra h\u00edvja fel a figyelmet. A felm\u00e9r\u00e9s szerint 10-b\u0151l 9 magyar (92 %) \u00fagy gondolja, hogy az anyatej a legjobb a csecsem\u0151 t\u00e1pl\u00e1l\u00e1s\u00e1ra. Amikor az anyatej \u00e9s a t\u00e1pszer k\u00f6z\u00fcl kell v\u00e1lasztani, mind\u00f6ssze 1 sz\u00e1zal\u00e9k mondja azt, hogy a t\u00e1pszer a jobb, 81 sz\u00e1zal\u00e9k szerint az anyatej \u00e9s 17 sz\u00e1zal\u00e9k szerint mind a kett\u0151 megfelel\u0151. A megk\u00e9rdezettek t\u00f6bb mint harmada (36 %) szerint az az ide\u00e1lis, ha legal\u00e1bb egy \u00e9ves kor\u00e1ig kap anyatejet a baba, de csaknem harmaduk (31 %) szerint egy \u00e9vn\u00e9l is tov\u00e1bb, ig\u00e9ny szerint b\u00e1rmeddig t\u00e1pl\u00e1lhat\u00f3 a kisbaba anyatejjel.<\/p>\n\n\n\n<p>Az anyatejes t\u00e1pl\u00e1l\u00e1s Magyarorsz\u00e1gon kifejezetten n\u00e9pszer\u0171, amit j\u00f3l mutat, hogy a legt\u00f6bb magyar nagyon pozit\u00edvan v\u00e9lekedik az anyatej jelent\u0151s\u00e9g\u00e9r\u0151l. A magyarok egy\u00f6ntet\u0171en (97 %) \u00fagy gondolj\u00e1k, hogy az anyatej minden cseppje kincs. 88 sz\u00e1zal\u00e9k egyet\u00e9rt azzal, hogy az anyatejjel t\u00e1pl\u00e1lt bab\u00e1k eg\u00e9szs\u00e9gesebbek \u00e9s kiegyens\u00falyozottabbak, 84 sz\u00e1zal\u00e9k szerint pedig az anyatejes szoptat\u00e1s egy \u00e9letre megalapozza a szoros anya-gyermek kapcsolatot. T\u00edzb\u0151l nyolc magyar szerint az anyatejes t\u00e1pl\u00e1l\u00e1ssal alakul ki a gyermek \u00e9s az anya k\u00f6z\u00f6tti \u0151sbizalom.<\/p>\n\n\n\n<p>A v\u00e9d\u0151n\u0151k kulcsszerepet t\u00f6ltenek be a gyermekek eg\u00e9szs\u00e9ges fejl\u0151d\u00e9s\u00e9ben, az anyatejes t\u00e1pl\u00e1l\u00e1s n\u00e9pszer\u0171s\u00edt\u00e9s\u00e9ben. T\u00edzb\u0151l kilenc magyar ismeri a V\u00e9d\u0151n\u0151i Szolg\u00e1latot, \u00e9s a v\u00e1laszad\u00f3k valamivel t\u00f6bb mint negyede (27 %) m\u00e9g azt is tudja, hogy Magyarorsz\u00e1gon m\u00e1r 107 \u00e9ves m\u00faltra tekint vissza a szervezet. A KINCS kutat\u00e1s\u00e1b\u00f3l az is kider\u00fcl, hogy a magyarok sz\u00e1m\u00edtanak a v\u00e9d\u0151n\u0151k szak\u00e9rtelm\u00e9re. 84 sz\u00e1zal\u00e9k szerint a v\u00e9d\u0151n\u0151k hasznos tan\u00e1csokkal l\u00e1tj\u00e1k el a sz\u00fcl\u0151ket a csecsem\u0151j\u00fck t\u00e1pl\u00e1l\u00e1s\u00e1val \u00e9s gondoz\u00e1s\u00e1val kapcsolatosan. T\u00edzb\u0151l nyolc v\u00e1laszad\u00f3 \u00fagy gondolja, hogy a v\u00e9d\u0151n\u0151k sokat seg\u00edtenek a v\u00e1rand\u00f3s\u00e1g alatt, a sz\u00fcl\u00e9sre val\u00f3 felk\u00e9sz\u00edt\u00e9sben \u00e9s a sz\u00fcl\u00e9s ut\u00e1n is a csal\u00e1doknak.<\/p>\n\n\n\n<p>A sz\u00fcl\u00e9s k\u00f6r\u00fcli id\u0151szakban a k\u00f3rh\u00e1zi szem\u00e9lyzetnek \u00e9s az \u00e9desap\u00e1knak is meghat\u00e1roz\u00f3 szerep\u00fck van. A legt\u00f6bb magyar szerint egy gyermek vil\u00e1grahozatal\u00e1hoz a k\u00f3rh\u00e1z a legmegfelel\u0151bb helysz\u00edn (85 %) \u00e9s az emberek h\u00e1romnegyede szerint (72 %) j\u00f3, ha az \u00e9desapa jelen van a sz\u00fcl\u00e9sn\u00e9l.<\/p>\n\n\n\n<p>M\u00f3dszertan: Az orsz\u00e1gos reprezentat\u00edv kutat\u00e1s 1000 f\u0151 telefonos megk\u00e9rdez\u00e9s\u00e9vel k\u00e9sz\u00fclt a feln\u0151tt lakoss\u00e1g k\u00f6r\u00e9ben, 2022. j\u00fanius 9-22. k\u00f6z\u00f6tt.<\/p>\n\n\n\n<p>Tov\u00e1bbi inform\u00e1ci\u00f3:\u00a0<a href=\"mailto:sajto@koppmariaintezet.hu\">sajto@koppmariaintezet.hu<\/a>\u00a0\/\/\u00a0<a href=\"http:\/\/www.koppmariaintezet.hu\/\">www.koppmariaintezet.hu<\/a><\/p>\n\n\n\n<p>Forr\u00e1s: <a href=\"http:\/\/www.koppmariaintezet.hu\" data-type=\"URL\" data-id=\"www.koppmariaintezet.hu\" target=\"_blank\" rel=\"noreferrer noopener\">KINCS<\/a><\/p>\n","protected":false},"excerpt":{"rendered":"<p>T\u00edzb\u0151l nyolc magyar egyet\u00e9rt azzal, hogy az anyatej a legjobb t\u00e1pl\u00e1l\u00e9k a kisbaba sz\u00e1m\u00e1ra, &#8211; der\u00fcl ki a Kopp M\u00e1ria Int\u00e9zet a N\u00e9pesed\u00e9s\u00e9rt \u00e9s a Csal\u00e1dok\u00e9rt (KINCS) kutat\u00e1s\u00e1b\u00f3l, amely az anyatejes t\u00e1pl\u00e1l\u00e1s vil\u00e1gnapja alkalm\u00e1b\u00f3l k\u00e9sz\u00fclt. Magyarorsz\u00e1g nemzetk\u00f6zi szinten is az \u00e9lvonalba tartozik az anyatejes t\u00e1pl\u00e1l\u00e1s elterjedts\u00e9ge kapcs\u00e1n, amiben a v\u00e9d\u0151n\u0151knek&#8230; <a class=\"continue-reading-link\" href=\"https:\/\/www.szuletik.hu\/?p=240\">Cikk folytat\u00e1sa&#8230; <span class=\"meta-nav\">&rarr; <\/span><\/a><\/p>\n","protected":false},"author":1,"featured_media":242,"comment_status":"closed","ping_status":"open","sticky":false,"template":"","format":"standard","meta":{"footnotes":""},"categories":[4],"tags":[],"class_list":["post-240","post","type-post","status-publish","format-standard","has-post-thumbnail","hentry","category-hireink"],"_links":{"self":[{"href":"https:\/\/www.szuletik.hu\/index.php?rest_route=\/wp\/v2\/posts\/240","targetHints":{"allow":["GET"]}}],"collection":[{"href":"https:\/\/www.szuletik.hu\/index.php?rest_route=\/wp\/v2\/posts"}],"about":[{"href":"https:\/\/www.szuletik.hu\/index.php?rest_route=\/wp\/v2\/types\/post"}],"author":[{"embeddable":true,"href":"https:\/\/www.szuletik.hu\/index.php?rest_route=\/wp\/v2\/users\/1"}],"replies":[{"embeddable":true,"href":"https:\/\/www.szuletik.hu\/index.php?rest_route=%2Fwp%2Fv2%2Fcomments&post=240"}],"version-history":[{"count":1,"href":"https:\/\/www.szuletik.hu\/index.php?rest_route=\/wp\/v2\/posts\/240\/revisions"}],"predecessor-version":[{"id":241,"href":"https:\/\/www.szuletik.hu\/index.php?rest_route=\/wp\/v2\/posts\/240\/revisions\/241"}],"wp:featuredmedia":[{"embeddable":true,"href":"https:\/\/www.szuletik.hu\/index.php?rest_route=\/wp\/v2\/media\/242"}],"wp:attachment":[{"href":"https:\/\/www.szuletik.hu\/index.php?rest_route=%2Fwp%2Fv2%2Fmedia&parent=240"}],"wp:term":[{"taxonomy":"category","embeddable":true,"href":"https:\/\/www.szuletik.hu\/index.php?rest_route=%2Fwp%2Fv2%2Fcategories&post=240"},{"taxonomy":"post_tag","embeddable":true,"href":"https:\/\/www.szuletik.hu\/index.php?rest_route=%2Fwp%2Fv2%2Ftags&post=240"}],"curies":[{"name":"wp","href":"https:\/\/api.w.org\/{rel}","templated":true}]}}