{"id":249,"date":"2022-09-10T09:30:27","date_gmt":"2022-09-10T09:30:27","guid":{"rendered":"https:\/\/www.szuletik.hu\/?p=249"},"modified":"2022-09-10T09:30:27","modified_gmt":"2022-09-10T09:30:27","slug":"a-magyar-vedonok-szakmai-szovetsege-es-a-vedonokert-uj-szulok-es-ujszulottekert-alapitvany-tisztelettel-bucsuzik-ii-erzsebet-kiralynotol","status":"publish","type":"post","link":"https:\/\/www.szuletik.hu\/?p=249","title":{"rendered":"A Magyar V\u00e9d\u0151n\u0151k Szakmai Sz\u00f6vets\u00e9ge \u00e9s a V\u00e9d\u0151n\u0151k\u00e9rt, \u00faj sz\u00fcl\u0151k \u00e9s \u00fajsz\u00fcl\u00f6ttek\u00e9rt Alap\u00edtv\u00e1ny tisztelettel b\u00facs\u00fazik II. Erzs\u00e9bet Kir\u00e1lyn\u0151t\u0151l!"},"content":{"rendered":"\n<p>II. Erzs\u00e9bet hatalmas, t\u00f6bb gener\u00e1ci\u00f3s \u00e9letutat j\u00e1rt be, nemcsak mint k\u00f6ztiszteletben \u00e1ll\u00f3 uralkod\u00f3. P\u00e9ldak\u00e9p, sokszor tan\u00edt\u00f3, b\u00e9k\u00e9t \u00e9s \u00e9rt\u00e9ket k\u00e9pvisel\u0151&nbsp;politikus, n\u0151, feles\u00e9g, anya, csal\u00e1df\u0151.<\/p>\n\n\n\n<!--more-->\n\n\n\n<p>Egy nagyon v\u00e1ltozatos kor vil\u00e1gdinaszti\u00e1i egyik\u00e9nek &#8211; m\u00e1ssal \u00f6ssze nem m\u00e9rhet\u0151\u00a0-k\u00e9pvisel\u0151je. Uralkod\u00f3i k\u00f6telezetts\u00e9gei, sors\u00e1nak kih\u00edv\u00e1sai, a v\u00e1laszai, k\u00fczdelmei, \u00e9rdemei \u00e9s \u00e9rt\u00e9kei Isten kez\u00e9ben vannak. Isten nyugosztalja b\u00e9k\u00e9ben, az\u00a0\u0151 v\u00e9gtelen szeretet\u00e9ben! Az ut\u00f3kor\u00a0\u0151rizze\u00a0\u0151t tisztelettel \u00e9s m\u00e9lt\u00f3 m\u00f3don eml\u00e9kezet\u00e9ben!<\/p>\n\n\n\n<figure class=\"wp-block-image size-full is-resized\"><img loading=\"lazy\" decoding=\"async\" src=\"http:\/\/www.szuletik.hu\/wp-content\/uploads\/2022\/09\/bh.png\" alt=\"\" class=\"wp-image-251\" width=\"83\" height=\"34\"\/><\/figure>\n\n\n\n<figure class=\"wp-block-image size-large\"><img loading=\"lazy\" decoding=\"async\" width=\"473\" height=\"1024\" src=\"https:\/\/www.szuletik.hu\/wp-content\/uploads\/2022\/09\/2e_in-473x1024.jpg\" alt=\"\" class=\"wp-image-252\" srcset=\"https:\/\/www.szuletik.hu\/wp-content\/uploads\/2022\/09\/2e_in-473x1024.jpg 473w, https:\/\/www.szuletik.hu\/wp-content\/uploads\/2022\/09\/2e_in-139x300.jpg 139w, https:\/\/www.szuletik.hu\/wp-content\/uploads\/2022\/09\/2e_in-69x150.jpg 69w, https:\/\/www.szuletik.hu\/wp-content\/uploads\/2022\/09\/2e_in.jpg 709w\" sizes=\"auto, (max-width: 473px) 100vw, 473px\" \/><\/figure>\n","protected":false},"excerpt":{"rendered":"<p>II. Erzs\u00e9bet hatalmas, t\u00f6bb gener\u00e1ci\u00f3s \u00e9letutat j\u00e1rt be, nemcsak mint k\u00f6ztiszteletben \u00e1ll\u00f3 uralkod\u00f3. P\u00e9ldak\u00e9p, sokszor tan\u00edt\u00f3, b\u00e9k\u00e9t \u00e9s \u00e9rt\u00e9ket k\u00e9pvisel\u0151&nbsp;politikus, n\u0151, feles\u00e9g, anya, csal\u00e1df\u0151.<\/p>\n","protected":false},"author":1,"featured_media":250,"comment_status":"closed","ping_status":"open","sticky":true,"template":"","format":"standard","meta":{"footnotes":""},"categories":[4],"tags":[],"class_list":["post-249","post","type-post","status-publish","format-standard","has-post-thumbnail","hentry","category-hireink"],"_links":{"self":[{"href":"https:\/\/www.szuletik.hu\/index.php?rest_route=\/wp\/v2\/posts\/249","targetHints":{"allow":["GET"]}}],"collection":[{"href":"https:\/\/www.szuletik.hu\/index.php?rest_route=\/wp\/v2\/posts"}],"about":[{"href":"https:\/\/www.szuletik.hu\/index.php?rest_route=\/wp\/v2\/types\/post"}],"author":[{"embeddable":true,"href":"https:\/\/www.szuletik.hu\/index.php?rest_route=\/wp\/v2\/users\/1"}],"replies":[{"embeddable":true,"href":"https:\/\/www.szuletik.hu\/index.php?rest_route=%2Fwp%2Fv2%2Fcomments&post=249"}],"version-history":[{"count":1,"href":"https:\/\/www.szuletik.hu\/index.php?rest_route=\/wp\/v2\/posts\/249\/revisions"}],"predecessor-version":[{"id":253,"href":"https:\/\/www.szuletik.hu\/index.php?rest_route=\/wp\/v2\/posts\/249\/revisions\/253"}],"wp:featuredmedia":[{"embeddable":true,"href":"https:\/\/www.szuletik.hu\/index.php?rest_route=\/wp\/v2\/media\/250"}],"wp:attachment":[{"href":"https:\/\/www.szuletik.hu\/index.php?rest_route=%2Fwp%2Fv2%2Fmedia&parent=249"}],"wp:term":[{"taxonomy":"category","embeddable":true,"href":"https:\/\/www.szuletik.hu\/index.php?rest_route=%2Fwp%2Fv2%2Fcategories&post=249"},{"taxonomy":"post_tag","embeddable":true,"href":"https:\/\/www.szuletik.hu\/index.php?rest_route=%2Fwp%2Fv2%2Ftags&post=249"}],"curies":[{"name":"wp","href":"https:\/\/api.w.org\/{rel}","templated":true}]}}