{"id":255,"date":"2022-09-30T08:50:34","date_gmt":"2022-09-30T08:50:34","guid":{"rendered":"http:\/\/www.szuletik.hu\/?p=255"},"modified":"2022-10-02T09:53:31","modified_gmt":"2022-10-02T09:53:31","slug":"175-eve-szuletett-dr-hugonnai-vilma-az-elso-magyar-orvosno","status":"publish","type":"post","link":"https:\/\/www.szuletik.hu\/?p=255","title":{"rendered":"175 \u00c9VE SZ\u00dcLETETT DR. HUGONNAI VILMA, AZ ELS\u0150 MAGYAR ORVOSN\u0150"},"content":{"rendered":"\n<p>A Magyar V\u00e9d\u0151n\u0151k Szakmai Sz\u00f6vets\u00e9ge, valamint a V\u00e9d\u0151n\u0151k\u00e9rt, \u00faj sz\u00fcl\u0151k \u00e9s \u00fajsz\u00fcl\u00f6ttek\u00e9rt Alap\u00edtv\u00e1ny nev\u00e9ben tisztelettel eml\u00e9kez\u00fcnk a 175 \u00e9ve sz\u00fcletett els\u0151 magyar orvosn\u0151re, sz\u00fcl\u00e9szn\u0151re.<\/p>\n\n\n\n<p>Amikor a magyar eg\u00e9szs\u00e9g\u00fcgy t\u00f6rt\u00e9net\u00e9r\u0151l tanultunk az 1975-ben indult Eg\u00e9szs\u00e9g\u00fcgyi F\u0151iskolai V\u00e9d\u0151n\u0151 K\u00e9pz\u00e9s els\u0151 \u00e9vfolyam\u00e1n, m\u00e1r akkor kiemelked\u0151 p\u00e9ldak\u00e9nt hatott r\u00e1nk Hugonnai Vilma munk\u00e1ss\u00e1ga, szem\u00e9lyis\u00e9ge.&nbsp;&nbsp;<\/p>\n\n\n\n<p>Kor\u00e1nak, \u00e9s az az\u00f3ta feln\u00f6vekv\u0151 eg\u00e9szs\u00e9g\u00fcgyi p\u00e1ly\u00e1t v\u00e1laszt\u00f3k, de az \u00e9rtelmis\u00e9gi fels\u0151fok\u00fa v\u00e9gzetts\u00e9get megszerezni k\u00edv\u00e1n\u00f3k sz\u00e1m\u00e1ra k\u00fczdelme \u00e9s mozgalmas, akt\u00edv, tartalmas \u00e9lete sz\u00e1mos m\u0171velts\u00e9gi ter\u00fcletet is l\u00e1zba hozott, megihletett.<\/p>\n\n\n\n<p>N\u0151k\u00e9nt, feles\u00e9gk\u00e9nt, anyak\u00e9nt \u00e9s kiv\u00e1l\u00f3 eg\u00e9szs\u00e9g\u00fcgyi szakemberk\u00e9nt is k\u00fczdelmes volt \u00e9lete, helyt kellett \u00e1llnia, \u00e9s helyt is \u00e1llt.<\/p>\n\n\n\n<p>Haladt el\u0151re, mert elt\u00f6k\u00e9lten l\u00e1tta c\u00e9lj\u00e1t, v\u00e1lasztott hivat\u00e1st \u00e9s er\u0151t \u00e9rzett mag\u00e1ban.<\/p>\n\n\n\n<p>Nem az ellen\u00e1ll\u00e1sokat, akad\u00e1lyokat, hanem a megold\u00e1sokat kereste: c\u00e9ltudatosan, kitart\u00f3an, rend\u00edthetetlen\u00fcl.<\/p>\n\n\n\n<p>Ez a k\u00fcl\u00f6nleges, az akkori korban szinte elk\u00e9pzelhetetlen hivat\u00e1studat nem \u00f6nc\u00e9l\u00fa karrier fel\u00e9p\u00edt\u00e9se \u00e9s beteljes\u00edt\u00e9se volt.<\/p>\n\n\n\n<p>Sz\u00edv\u00fcgy\u00e9v\u00e9 v\u00e1lt a n\u0151k k\u00e9pz\u00e9se, hogy a csal\u00e1di \u00e9letben tudjanak felk\u00e9sz\u00fclten az eg\u00e9szs\u00e9gv\u00e9delemben, a beteg\u00e1pol\u00e1sban, a csal\u00e1di-n\u0151i szerepekben helyt \u00e1llni, kiteljesedni. Elsz\u00e1ntan k\u00fczd\u00f6tt az\u00e9rt, hogy a n\u0151k tanulhassanak, hivat\u00e1st v\u00e1lasszanak.&nbsp;<\/p>\n\n\n\n<p>Harcolt a n\u0151k t\u00e1rsadalmi egyenjog\u00fas\u00e1g\u00e1\u00e9rt, a n\u0151k sz\u00e1m\u00e1ra is kedvez\u0151 iskolareform mellett ny\u00edltan foglalt \u00e1ll\u00e1st, hogy azonos jogokkal tanulhassanak \u00e9s vehessenek r\u00e9szt az \u00e9rtelmis\u00e9gi hivat\u00e1sok ter\u00fclet\u00e9n \u00e9s a k\u00f6z\u00e9letben is.<\/p>\n\n\n\n<p>Elk\u00f6telezetten seg\u00edtett az elesetteken, a szeg\u00e9nyeken. Egy percre sem szakadt el a gy\u00f3gy\u00edt\u00e1st\u00f3l, az orvostudom\u00e1nyt\u00f3l: gy\u00f3gy\u00edtott, sz\u00fcl\u00e9szn\u0151k\u00e9nt praktiz\u00e1lt, \u00e9s le\u00e1nyiskol\u00e1kban tan\u00edtott beteg\u00e1pol\u00e1st. Szervezte a h\u00e1bor\u00faban megsebes\u00fclt katon\u00e1k magyarorsz\u00e1gi ut\u00f3gondoz\u00e1s\u00e1t.<\/p>\n\n\n\n<p>Tanulm\u00e1nyokat, k\u00f6nyveket \u00edrt, amelyek meg\u00f6r\u00f6k\u00edtett\u00e9k \u00e9s terjesztett\u00e9k tan\u00edt\u00e1sait. A legfontosabbak: \u201eA n\u0151k munkak\u00f6re\u201d c\u00edm\u0171 tanulm\u00e1ny, \u201eA n\u0151, mint h\u00e1ziorvos\u201d c\u00edm\u0171 k\u00e9t k\u00f6tetes k\u00f6nyv, de \u00edrt k\u00f6nyvet a gyermeknevel\u00e9sr\u0151l is.<\/p>\n\n\n\n<p>Az \u0151 k\u00fczdelme eredm\u00e9nyek\u00e9nt \u00e9s az \u0151 \u00f6szt\u00f6nz\u00e9s\u00e9re n\u0151k sokas\u00e1ga szerezhetett \u00e9s szerez ma is fels\u0151fok\u00fa v\u00e9gzetts\u00e9get, m\u0171velts\u00e9get, v\u00e1laszthat eg\u00e9szs\u00e9g\u00fcgyi hivat\u00e1st.<\/p>\n\n\n\n<p>Kor\u00e1nak egyed\u00fcl\u00e1ll\u00f3 kezdem\u00e9nyez\u00e9se volt 1915-ben a Stef\u00e1nia Sz\u00f6vets\u00e9g az any\u00e1k \u00e9s csecsem\u0151k v\u00e9delm\u00e9re, a mai, 2015-ben HUNGARIKUM-k\u00e9nt bejegyzett V\u00e9d\u0151n\u0151i Szolg\u00e1lat l\u00e9trehoz\u00e1sa. A v\u00e9d\u0151n\u0151i szolg\u00e1lat c\u00e9lj\u00e1t, k\u00fcldet\u00e9s\u00e9t \u00edgy fogalmazt\u00e1k meg: az alap\u00edt\u00f3k: A nemzet sz\u00e1mbeli gyarapod\u00e1s\u00e1nak el\u0151seg\u00edt\u00e9se \u00e9s a tudatlans\u00e1g elleni k\u00fczdelem. Hungarikum k\u00fcl\u00f6nlegess\u00e9ge pedig abban \u00e1ll, elt\u00e9r\u0151en m\u00e1s orsz\u00e1gok any\u00e1kat seg\u00edt\u0151 rendszer\u00e9t\u0151l, hogy a v\u00e1rand\u00f3s- \u00e9s gyermekes any\u00e1kat nemcsak a v\u00e9d\u0151n\u0151i tan\u00e1csad\u00f3ban fogadt\u00e1k, hanem otthonukban is megl\u00e1togatt\u00e1k, \u00e9letk\u00f6r\u00fclm\u00e9nyeiknek megfelel\u0151en ell\u00e1tt\u00e1k tan\u00e1csokkal, megnyert\u00e9k a sz\u00fcl\u0151ket a v\u00e9d\u0151olt\u00e1sok elfogad\u00e1s\u00e1ra, megszervezt\u00e9k az olt\u00e1sokat \u00e9s sz\u0171r\u0151vizsg\u00e1latokat.<\/p>\n\n\n\n<p>Karitat\u00edv tev\u00e9kenys\u00e9g\u00fck keret\u00e9ben gondoskodtak a szeg\u00e9nyek sz\u00e1m\u00e1ra a gyermekek a t\u00e1pl\u00e1l\u00e9k \u00e9s vitamin kieg\u00e9sz\u00edt\u00e9s\u00e9ben, a ruh\u00e1zkod\u00e1s \u00e9s a higi\u00e9n\u00e9s sz\u00fcks\u00e9gletek biztos\u00edt\u00e1s\u00e1ban.<\/p>\n\n\n\n<p>A v\u00e9d\u0151n\u0151 akkor is, az\u00f3ta is t\u00e1mogat\u00e1st ny\u00fajt gondozottainak (sz\u00fcl\u0151knek, gyermekeknek) a csal\u00e1d k\u00f6r\u00fclm\u00e9nyeit ismerve, tud\u00e1sukat, eg\u00e9szs\u00e9gismeret\u00fcket b\u0151v\u00edtve az eg\u00e9szs\u00e9ges \u00e9letm\u00f3d \u00e9s \u00e9letk\u00f6r\u00fclm\u00e9nyek, az \u00e9let tisztelete \u00e9s elfogad\u00e1sa, a gyermekv\u00e1llal\u00e1s el\u0151seg\u00edt\u00e9se \u00e9rdek\u00e9ben.<\/p>\n\n\n\n<p>A n\u00e9peg\u00e9szs\u00e9g\u00fcgyi \u00e9s prevenci\u00f3s szeml\u00e9let alapja az eg\u00e9szs\u00e9g \u00e9rt\u00e9kk\u00e9nt kezel\u00e9se, ez eg\u00e9szs\u00e9g szem\u00e9lyes \u00e9s nemzeti kincs, er\u0151forr\u00e1s. Nem c\u00e9l, hanem alapvet\u0151 sz\u00fcks\u00e9glet ahhoz, hogy az emberek boldoguljanak az \u00e9letben, el\u00e9rj\u00e9k c\u00e9ljaikat, megval\u00f3s\u00edthass\u00e1k terveiket.&nbsp;<\/p>\n\n\n\n<p>Ma a gyorsreag\u00e1l\u00e1st ig\u00e9nyl\u0151, hihetetlen\u00fcl felgyorsult fejl\u0151d\u00e9s\u0171 eg\u00e9szs\u00e9g\u00fcgy korszak\u00e1ban vagyunk. A kr\u00f3nikus, megel\u0151zhet\u0151 betegs\u00e9gek, majd a vil\u00e1gj\u00e1rv\u00e1ny \u00e9s a napjainkban kialakult h\u00e1bor\u00fas k\u00f6r\u00fclm\u00e9nyek k\u00f6z\u00f6tt gyorsan kell a legjobb megold\u00e1sokat megtal\u00e1lni \u00e9s alkalmazni. Ehhez a tudom\u00e1ny fejl\u0151d\u00e9s\u00e9re, v\u00e1laszk\u00e9sz eg\u00e9szs\u00e9g\u00fcgyre, v\u00e1laszk\u00e9sz szakemberekre van sz\u00fcks\u00e9g, akik elk\u00f6telezetten tudj\u00e1k \u00e9s teszik dolgukat, v\u00e9dik, vagy helyre\u00e1ll\u00edtj\u00e1k eg\u00e9szs\u00e9g\u00fcnket a tudom\u00e1ny kardj\u00e1val, a munka pajzs\u00e1val.<\/p>\n\n\n\n<p><strong>Ebben p\u00e9ldak\u00e9p\u00fcnk ez a kiv\u00e1l\u00f3 asszony, orvos, sz\u00fcl\u00e9szn\u0151, Hugonnai Vilma.&nbsp;<\/strong><\/p>\n\n\n\n<p><strong>Mit \u00fczen Hugonnai Vilma a mai n\u0151k sz\u00e1m\u00e1ra?<\/strong><\/p>\n\n\n\n<ul class=\"wp-block-list\"><li>a fiatal l\u00e1nyoknak azt, hogy m\u0171vel\u0151djenek, tanuljanak<\/li><li>keressenek \u00e9letc\u00e9lt \u00e9s tartsanak ki mellette: szerezzenek tapasztalatokat, gy\u0171jtsenek inform\u00e1ci\u00f3kat<\/li><li>fiatalon, csal\u00e1d, gyermek mellett is lehet \u00e9letc\u00e9lt kit\u0171zni, terveket megval\u00f3s\u00edtani,<\/li><li>a csal\u00e1d \u00e9s a karrier \u00f6sszehangolhat\u00f3<\/li><li>a saj\u00e1t \u00e9rdek- \u00e9s \u00e9letc\u00e9l mellett a m\u00e1sok\u00e9rt, n\u0151 t\u00e1rsak\u00e9rt val\u00f3 ki\u00e1ll\u00e1s, harcol\u00e1s, hogy m\u00e1sok is el\u00e9rhess\u00e9k azt, amit szeretn\u00e9nek&nbsp;<\/li><li>szolg\u00e1lat a hivat\u00e1sgyakorl\u00e1sban<\/li><li>a szeg\u00e9nyek \u00e9s elesettek t\u00e1mogat\u00e1sa<\/li><li>a beteg \u00e9rdeke \u00e1llt mindenek felett eg\u00e9szs\u00e9g\u00fcgyi hivat\u00e1sunkban&nbsp;<\/li><li>folyamatos szakmai fejl\u0151d\u00e9s sz\u00fcks\u00e9ges<\/li><li>mindenkor az adott kor sz\u00fcks\u00e9gletei, elv\u00e1r\u00e1sai szerint dolgozzunk<\/li><li>holisztikus szeml\u00e9letben gondolkodni: a csal\u00e1d eg\u00e9szs\u00e9ge a n\u0151 tud\u00e1s\u00e1n, szeml\u00e9let\u00e9n \u00e9s h\u00e1ziasszonyi teend\u0151in m\u00falik els\u0151sorban, vagyis a csal\u00e1di k\u00f6rnyezet, a t\u00e1pl\u00e1lkoz\u00e1s, az \u00e9letm\u00f3d, a lelki egy\u00e9szs\u00e9g, a gyermekek nevel\u00e9se<\/li><li>hitelesen vallotta, \u00e9s tan\u00edtotta, hogy a betegs\u00e9gek megel\u0151z\u00e9se, a csal\u00e1dtagok testi-lelki eg\u00e9szs\u00e9ge, a betegek \u00e1pol\u00e1sa, els\u0151sorban a n\u0151k feladata, szerepe<\/li><li>az \u00e9let\u00e9t v\u00e9gig k\u00eds\u00e9r\u0151 csal\u00e1di vesztes\u00e9gek mellett is kitartott hivat\u00e1sa mellett, talpon maradt \u00e9s folytatta az \u00e1ltala v\u00e1lasztott utat.<\/li><\/ul>\n\n\n\n<p><strong>A mai kornak is ezt \u00fczeni: k\u00f6vess\u00fck \u0151t!<\/strong><\/p>\n\n\n\n<p>Kor\u00e1nak, de a mai n\u0151k sz\u00e1m\u00e1ra is p\u00e9ldak\u00e9p\u00fcl szolg\u00e1l egy\u00e9nis\u00e9ge, magabiztos n\u0151i karaktere, \u00e1polts\u00e1ga, ig\u00e9nyes megjelen\u00e9se, \u00f6lt\u00f6zete, eg\u00e9szs\u00e9ges t\u00e1pl\u00e1lkoz\u00e1sa<\/p>\n\n\n\n<p><strong>Minden n\u0151, anya, minden diplom\u00e1s-, \u00e9s eg\u00e9szs\u00e9g\u00fcgyi hivat\u00e1st v\u00e1laszt\u00f3 n\u0151 tisztelettel hajt fejet p\u00e9ldamutat\u00f3 \u00e9lete el\u0151tt!<\/strong><\/p>\n\n\n\n<figure class=\"wp-block-table\"><table><tbody><tr><td class=\"has-text-align-center\" data-align=\"center\"><a href=\"https:\/\/www.mvszsz.hu\" data-type=\"URL\" data-id=\"https:\/\/www.mvszsz.hu\" target=\"_blank\" rel=\"noreferrer noopener\"><img loading=\"lazy\" decoding=\"async\" width=\"300\" height=\"92\" class=\"wp-image-260\" style=\"width: 300px;\" src=\"http:\/\/www.szuletik.hu\/wp-content\/uploads\/2022\/09\/mvszsz1.png\" alt=\"\" srcset=\"https:\/\/www.szuletik.hu\/wp-content\/uploads\/2022\/09\/mvszsz1.png 491w, https:\/\/www.szuletik.hu\/wp-content\/uploads\/2022\/09\/mvszsz1-300x92.png 300w, https:\/\/www.szuletik.hu\/wp-content\/uploads\/2022\/09\/mvszsz1-150x46.png 150w, https:\/\/www.szuletik.hu\/wp-content\/uploads\/2022\/09\/mvszsz1-250x76.png 250w\" sizes=\"auto, (max-width: 300px) 100vw, 300px\" \/><\/a><\/td><td class=\"has-text-align-center\" data-align=\"center\"><a href=\"http:\/\/mnunio.hu\/\" data-type=\"URL\" data-id=\"http:\/\/mnunio.hu\/\" target=\"_blank\" rel=\"noreferrer noopener\"><img loading=\"lazy\" decoding=\"async\" width=\"180\" height=\"105\" class=\"wp-image-259\" style=\"width: 180px;\" src=\"http:\/\/www.szuletik.hu\/wp-content\/uploads\/2022\/09\/mnu.png\" alt=\"\" srcset=\"https:\/\/www.szuletik.hu\/wp-content\/uploads\/2022\/09\/mnu.png 156w, https:\/\/www.szuletik.hu\/wp-content\/uploads\/2022\/09\/mnu-150x88.png 150w\" sizes=\"auto, (max-width: 180px) 100vw, 180px\" \/><\/a><\/td><td class=\"has-text-align-center\" data-align=\"center\"><a href=\"https:\/\/unesco.hu\/hirek\/hugonnai-100-nyitorendezveny-2022-marcius-11-107394\" target=\"_blank\" rel=\"noreferrer noopener\"><img loading=\"lazy\" decoding=\"async\" width=\"120\" height=\"158\" class=\"wp-image-261\" style=\"width: 120px;\" src=\"http:\/\/www.szuletik.hu\/wp-content\/uploads\/2022\/09\/unesco.png\" alt=\"\" srcset=\"https:\/\/www.szuletik.hu\/wp-content\/uploads\/2022\/09\/unesco.png 172w, https:\/\/www.szuletik.hu\/wp-content\/uploads\/2022\/09\/unesco-114x150.png 114w\" sizes=\"auto, (max-width: 120px) 100vw, 120px\" \/><\/a><\/td><td class=\"has-text-align-center\" data-align=\"center\"><a href=\"https:\/\/www.szuletik.hu\/\" data-type=\"URL\" data-id=\"https:\/\/www.szuletik.hu\/\"><img loading=\"lazy\" decoding=\"async\" width=\"121\" height=\"120\" class=\"wp-image-262\" style=\"width: 121px;\" src=\"http:\/\/www.szuletik.hu\/wp-content\/uploads\/2022\/09\/vuszukalogo.png\" alt=\"\"><\/a><\/td><\/tr><\/tbody><\/table><\/figure>\n\n\n\n<div class=\"wp-block-columns is-layout-flex wp-container-core-columns-is-layout-9d6595d7 wp-block-columns-is-layout-flex\"><\/div>\n\n\n\n<hr class=\"wp-block-separator has-alpha-channel-opacity\"\/>\n\n\n\n<p><strong><em>V\u00e1rfalvi Marianna<\/em><\/strong><\/p>\n\n\n\n<p>Magyar V\u00e9d\u0151n\u0151k Szakmai Sz\u00f6vets\u00e9ge eln\u00f6ke,<br>\u00daj sz\u00fcl\u0151k \u00e9s \u00fajsz\u00fcl\u00f6ttek\u00e9rt Alap\u00edtv\u00e1ny eln\u00f6ke,<br>a \u201eHugonnai Vilma 100\u201d eml\u00e9kbizotts\u00e1g tagja<\/p>\n","protected":false},"excerpt":{"rendered":"<p>A Magyar V\u00e9d\u0151n\u0151k Szakmai Sz\u00f6vets\u00e9ge, valamint a V\u00e9d\u0151n\u0151k\u00e9rt, \u00faj sz\u00fcl\u0151k \u00e9s \u00fajsz\u00fcl\u00f6ttek\u00e9rt Alap\u00edtv\u00e1ny nev\u00e9ben tisztelettel eml\u00e9kez\u00fcnk a 175 \u00e9ve sz\u00fcletett els\u0151 magyar orvosn\u0151re, sz\u00fcl\u00e9szn\u0151re. Amikor a magyar eg\u00e9szs\u00e9g\u00fcgy t\u00f6rt\u00e9net\u00e9r\u0151l tanultunk az 1975-ben indult Eg\u00e9szs\u00e9g\u00fcgyi F\u0151iskolai V\u00e9d\u0151n\u0151 K\u00e9pz\u00e9s els\u0151 \u00e9vfolyam\u00e1n, m\u00e1r akkor kiemelked\u0151 p\u00e9ldak\u00e9nt hatott r\u00e1nk Hugonnai Vilma munk\u00e1ss\u00e1ga, szem\u00e9lyis\u00e9ge.&nbsp;&nbsp; Kor\u00e1nak,&#8230; <a class=\"continue-reading-link\" href=\"https:\/\/www.szuletik.hu\/?p=255\">Cikk folytat\u00e1sa&#8230; <span class=\"meta-nav\">&rarr; <\/span><\/a><\/p>\n","protected":false},"author":1,"featured_media":256,"comment_status":"closed","ping_status":"open","sticky":false,"template":"","format":"standard","meta":{"footnotes":""},"categories":[4],"tags":[],"class_list":["post-255","post","type-post","status-publish","format-standard","has-post-thumbnail","hentry","category-hireink"],"_links":{"self":[{"href":"https:\/\/www.szuletik.hu\/index.php?rest_route=\/wp\/v2\/posts\/255","targetHints":{"allow":["GET"]}}],"collection":[{"href":"https:\/\/www.szuletik.hu\/index.php?rest_route=\/wp\/v2\/posts"}],"about":[{"href":"https:\/\/www.szuletik.hu\/index.php?rest_route=\/wp\/v2\/types\/post"}],"author":[{"embeddable":true,"href":"https:\/\/www.szuletik.hu\/index.php?rest_route=\/wp\/v2\/users\/1"}],"replies":[{"embeddable":true,"href":"https:\/\/www.szuletik.hu\/index.php?rest_route=%2Fwp%2Fv2%2Fcomments&post=255"}],"version-history":[{"count":10,"href":"https:\/\/www.szuletik.hu\/index.php?rest_route=\/wp\/v2\/posts\/255\/revisions"}],"predecessor-version":[{"id":270,"href":"https:\/\/www.szuletik.hu\/index.php?rest_route=\/wp\/v2\/posts\/255\/revisions\/270"}],"wp:featuredmedia":[{"embeddable":true,"href":"https:\/\/www.szuletik.hu\/index.php?rest_route=\/wp\/v2\/media\/256"}],"wp:attachment":[{"href":"https:\/\/www.szuletik.hu\/index.php?rest_route=%2Fwp%2Fv2%2Fmedia&parent=255"}],"wp:term":[{"taxonomy":"category","embeddable":true,"href":"https:\/\/www.szuletik.hu\/index.php?rest_route=%2Fwp%2Fv2%2Fcategories&post=255"},{"taxonomy":"post_tag","embeddable":true,"href":"https:\/\/www.szuletik.hu\/index.php?rest_route=%2Fwp%2Fv2%2Ftags&post=255"}],"curies":[{"name":"wp","href":"https:\/\/api.w.org\/{rel}","templated":true}]}}