{"id":272,"date":"2022-10-12T08:43:11","date_gmt":"2022-10-12T08:43:11","guid":{"rendered":"https:\/\/www.szuletik.hu\/?p=272"},"modified":"2022-10-12T08:43:11","modified_gmt":"2022-10-12T08:43:11","slug":"kedves-mvszsz-tagok-kedves-erdeklodok","status":"publish","type":"post","link":"https:\/\/www.szuletik.hu\/?p=272","title":{"rendered":"Kedves MVSZSZ Tagok, Kedves \u00c9rdekl\u0151d\u0151k!"},"content":{"rendered":"\n<p><strong>Az MVSZSZ \u00e9s a V\u00e9d\u0151n\u0151k\u00e9rt, \u00faj sz\u00fcl\u0151k \u00e9s \u00fajsz\u00fcl\u00f6ttek\u00e9rt Alap\u00edtv\u00e1ny sz\u00edvb\u0151l aj\u00e1nlja a k\u00f6vetkez\u0151 esem\u00e9nyhez val\u00f3 csatlakoz\u00e1st:&nbsp;<\/strong><\/p>\n\n\n\n<hr class=\"wp-block-separator has-alpha-channel-opacity\"\/>\n\n\n\n<p>A&nbsp;<strong>Mindennapok N\u0151i Szemmel Egyes\u00fclet (N\u0151iszem)<\/strong>&nbsp;valamint &#8220;<strong>A r\u00e1k ellen, az ember\u00e9rt, a holnap\u00e9rt!&#8221; T\u00e1rsadalmi Alap\u00edtv\u00e1ny&nbsp;<\/strong>szakmai egy\u00fcttm\u0171k\u00f6d\u00e9s\u00e9vel k\u00f6z\u00f6sen rendezi meg&nbsp;2022. okt\u00f3ber 13-\u00e1n, cs\u00fct\u00f6rt\u00f6k\u00f6n&nbsp;<em><strong>\u201cMELLesleg T\u00e9ged is&nbsp; \u00e9rinthet\u201d<\/strong><\/em>&nbsp;&#8211; a&nbsp;mellr\u00e1k elleni k\u00fczdelem\u00e9rt c\u00edm\u0171&nbsp;konferenci\u00e1t.<\/p>\n\n\n\n<!--more-->\n\n\n\n<figure class=\"wp-block-image size-large\"><img loading=\"lazy\" decoding=\"async\" width=\"1024\" height=\"536\" src=\"https:\/\/www.szuletik.hu\/wp-content\/uploads\/2022\/10\/mellesleg-1024x536.jpg\" alt=\"\" class=\"wp-image-273\" srcset=\"https:\/\/www.szuletik.hu\/wp-content\/uploads\/2022\/10\/mellesleg-1024x536.jpg 1024w, https:\/\/www.szuletik.hu\/wp-content\/uploads\/2022\/10\/mellesleg-300x157.jpg 300w, https:\/\/www.szuletik.hu\/wp-content\/uploads\/2022\/10\/mellesleg-768x402.jpg 768w, https:\/\/www.szuletik.hu\/wp-content\/uploads\/2022\/10\/mellesleg-150x79.jpg 150w, https:\/\/www.szuletik.hu\/wp-content\/uploads\/2022\/10\/mellesleg-250x131.jpg 250w, https:\/\/www.szuletik.hu\/wp-content\/uploads\/2022\/10\/mellesleg.jpg 1200w\" sizes=\"auto, (max-width: 1024px) 100vw, 1024px\" \/><\/figure>\n\n\n\n<p>Okt\u00f3berben, a&nbsp;Mellr\u00e1k Elleni K\u00fczdelem&nbsp;h\u00f3napj\u00e1ban megrendez\u00e9sre ker\u00fcl\u0151 esem\u00e9ny&nbsp;aprop\u00f3j\u00e1t az adja, hogy a N\u0151iszem, mint a magyar l\u00e1nyok, asszonyok, \u00e9desany\u00e1k \u00e9s nagymam\u00e1k \u00e9rdekeit k\u00e9pvisel\u0151 civil szervezet \u2013 partners\u00e9gben az eg\u00e9szs\u00e9gv\u00e9delem aktu\u00e1lis t\u00e9m\u00e1ival foglalkoz\u00f3 &#8220;A r\u00e1k ellen\u2026 Alap\u00edtv\u00e1nnyal&#8221;&nbsp;\u2013 fontosnak \u00e9rzi&nbsp;kiemelten foglalkozni a sz\u0171r\u0151vizsg\u00e1latok elhanyagol\u00e1s\u00e1nak lelki okaival, az \u00f6nvizsg\u00e1lat k\u00e9rd\u00e9sk\u00f6r\u00e9vel, valamint azzal, hogy milyen gyakran \u00e9rdemes sz\u0171r\u00e9sekre j\u00e1rni, milyen korcsoportnak \u00e9s milyen vizsg\u00e1latok aj\u00e1nlottak.<\/p>\n\n\n\n<p>Az esem\u00e9nyt \u00c9L\u0150-ben, ONLINE orsz\u00e1gosan k\u00f6zvet\u00edtik&nbsp;a&nbsp;<a href=\"https:\/\/listamester.hu\/lmui\/faces\/mails\/Link.jsp?m=hgf1im4h8fvar9wrx7&amp;l=5g1nhtf9ap2d39\" target=\"_blank\" rel=\"noreferrer noopener\">N\u0151iszem Facebook oldal\u00e1n<\/a>&nbsp;annak \u00e9rdek\u00e9ben, hogy min\u00e9l t\u00f6bb ember figyelm\u00e9t felh\u00edvj\u00e1k&nbsp;az \u00e9letment\u0151 sz\u0171r\u0151vizsg\u00e1latok fontoss\u00e1g\u00e1ra.&nbsp;<\/p>\n\n\n\n<p><strong>&#8220;MELLesleg T\u00e9ged is \u00e9rinthet&#8221;&nbsp;<\/strong>\/\/&nbsp;konferencia a mellr\u00e1k elleni k\u00fczdelem\u00e9rt \/\/&nbsp;Id\u0151pont:&nbsp;<strong>2022. okt\u00f3ber&nbsp;13. (cs\u00fct\u00f6rt\u00f6k) 10:00 &#8211; t\u0151l<\/strong>&nbsp;<\/p>\n\n\n\n<p>A konferenci\u00e1n val\u00f3 r\u00e9szv\u00e9tel&nbsp;ingyenes, de&nbsp;regisztr\u00e1ci\u00f3hoz&nbsp;k\u00f6t\u00f6tt, melyre&nbsp;az&nbsp;al\u00e1bbi oldalon van lehet\u0151s\u00e9g&nbsp;&gt;&gt;&nbsp;<a href=\"http:\/\/forms.gle\/XzBboCNckRADd4iq5\" target=\"_blank\" rel=\"noreferrer noopener\">https:\/\/forms.gle\/XzBboCNckRADd4iq5<br><\/a>Az online regisztr\u00e1lt \u00e9rdekl\u0151d\u0151k r\u00e9sz\u00e9re az esem\u00e9ny el\u0151tt e-mailben elk\u00fcldik a legfontosabb inform\u00e1ci\u00f3kat, \u00e9s jelezik az \u00c9L\u0150 k\u00f6zvet\u00edt\u00e9s kezdet\u00e9t is. &nbsp; &nbsp;<\/p>\n\n\n\n<p>Minden regisztr\u00e1lt aj\u00e1nd\u00e9kba kapja az esem\u00e9nyr\u0151l k\u00e9sz\u00fclt online kiadv\u00e1nyt, valamint sorsol\u00e1son is r\u00e9szt vesz: 5 szerencs\u00e9s nyertes egy N\u0151iszem egyedi aj\u00e1nd\u00e9kcsomag boldog tulajdonosa lesz.<\/p>\n","protected":false},"excerpt":{"rendered":"<p>Az MVSZSZ \u00e9s a V\u00e9d\u0151n\u0151k\u00e9rt, \u00faj sz\u00fcl\u0151k \u00e9s \u00fajsz\u00fcl\u00f6ttek\u00e9rt Alap\u00edtv\u00e1ny sz\u00edvb\u0151l aj\u00e1nlja a k\u00f6vetkez\u0151 esem\u00e9nyhez val\u00f3 csatlakoz\u00e1st:&nbsp; A&nbsp;Mindennapok N\u0151i Szemmel Egyes\u00fclet (N\u0151iszem)&nbsp;valamint &#8220;A r\u00e1k ellen, az ember\u00e9rt, a holnap\u00e9rt!&#8221; T\u00e1rsadalmi Alap\u00edtv\u00e1ny&nbsp;szakmai egy\u00fcttm\u0171k\u00f6d\u00e9s\u00e9vel k\u00f6z\u00f6sen rendezi meg&nbsp;2022. okt\u00f3ber 13-\u00e1n, cs\u00fct\u00f6rt\u00f6k\u00f6n&nbsp;\u201cMELLesleg T\u00e9ged is&nbsp; \u00e9rinthet\u201d&nbsp;&#8211; a&nbsp;mellr\u00e1k elleni k\u00fczdelem\u00e9rt c\u00edm\u0171&nbsp;konferenci\u00e1t.<\/p>\n","protected":false},"author":1,"featured_media":273,"comment_status":"closed","ping_status":"open","sticky":false,"template":"","format":"standard","meta":{"footnotes":""},"categories":[4],"tags":[],"class_list":["post-272","post","type-post","status-publish","format-standard","has-post-thumbnail","hentry","category-hireink"],"_links":{"self":[{"href":"https:\/\/www.szuletik.hu\/index.php?rest_route=\/wp\/v2\/posts\/272","targetHints":{"allow":["GET"]}}],"collection":[{"href":"https:\/\/www.szuletik.hu\/index.php?rest_route=\/wp\/v2\/posts"}],"about":[{"href":"https:\/\/www.szuletik.hu\/index.php?rest_route=\/wp\/v2\/types\/post"}],"author":[{"embeddable":true,"href":"https:\/\/www.szuletik.hu\/index.php?rest_route=\/wp\/v2\/users\/1"}],"replies":[{"embeddable":true,"href":"https:\/\/www.szuletik.hu\/index.php?rest_route=%2Fwp%2Fv2%2Fcomments&post=272"}],"version-history":[{"count":1,"href":"https:\/\/www.szuletik.hu\/index.php?rest_route=\/wp\/v2\/posts\/272\/revisions"}],"predecessor-version":[{"id":274,"href":"https:\/\/www.szuletik.hu\/index.php?rest_route=\/wp\/v2\/posts\/272\/revisions\/274"}],"wp:featuredmedia":[{"embeddable":true,"href":"https:\/\/www.szuletik.hu\/index.php?rest_route=\/wp\/v2\/media\/273"}],"wp:attachment":[{"href":"https:\/\/www.szuletik.hu\/index.php?rest_route=%2Fwp%2Fv2%2Fmedia&parent=272"}],"wp:term":[{"taxonomy":"category","embeddable":true,"href":"https:\/\/www.szuletik.hu\/index.php?rest_route=%2Fwp%2Fv2%2Fcategories&post=272"},{"taxonomy":"post_tag","embeddable":true,"href":"https:\/\/www.szuletik.hu\/index.php?rest_route=%2Fwp%2Fv2%2Ftags&post=272"}],"curies":[{"name":"wp","href":"https:\/\/api.w.org\/{rel}","templated":true}]}}