{"id":315,"date":"2023-08-02T10:58:33","date_gmt":"2023-08-02T10:58:33","guid":{"rendered":"https:\/\/www.szuletik.hu\/?p=315"},"modified":"2023-08-02T10:58:33","modified_gmt":"2023-08-02T10:58:33","slug":"augusztus-1-je-a-szoptatas-vilagnapja","status":"publish","type":"post","link":"https:\/\/www.szuletik.hu\/?p=315","title":{"rendered":"Augusztus 1-je a Szoptat\u00e1s Vil\u00e1gnapja"},"content":{"rendered":"\n<p><strong>Term\u00e9szetesen anyatejjel!<\/strong><\/p>\n\n\n\n<p><em>Az anyatejes t\u00e1pl\u00e1l\u00e1s fontoss\u00e1g\u00e1ra h\u00edvja fel a figyelmet a Szoptat\u00e1s Vil\u00e1ghete Konferencia<\/em><\/p>\n\n\n\n<p><strong>A csecsem\u0151k, \u00e9s az \u00e9desany\u00e1k eg\u00e9szs\u00e9g\u00e9nek meg\u0151rz\u00e9se \u00e9rdek\u00e9ben a legjobb v\u00e1laszt\u00e1s az anyatejes t\u00e1pl\u00e1l\u00e1s. Emellett a prevenci\u00f3 egyik leghat\u00e9konyabb eszk\u00f6ze, hiszen az anyatejes t\u00e1pl\u00e1l\u00e1s jelent\u0151s m\u00e9rt\u00e9kben meghat\u00e1rozza, hogy \u00e9let\u00fcnk sor\u00e1n milyen gyakran ker\u00fcln\u00fcnk kapcsolatba az eg\u00e9szs\u00e9g\u00fcgyi ell\u00e1t\u00f3rendszerrel \u2013 h\u00edvt\u00e1k fel a nyilv\u00e1noss\u00e1g figyelm\u00e9t a Szoptat\u00e1s Vil\u00e1ghete Konferencia r\u00e9sztvev\u0151i 2023. augusztus 1-j\u00e9n, Budapesten.<\/strong><\/p>\n\n\n\n<figure class=\"wp-block-image\"><img decoding=\"async\" src=\"https:\/\/www.mvszsz.hu\/images\/Anyatejes_taplalas_hete_2021.jpg\" alt=\"\"\/><\/figure>\n\n\n\n<p>Augusztus els\u0151 hete 1992 \u00f3ta a szoptat\u00e1s vil\u00e1ghete \u2013 ebben az id\u0151szakban valamennyi szakmai szervezet az anyatejes t\u00e1pl\u00e1l\u00e1s fontoss\u00e1g\u00e1ra, illetve az eg\u00e9szs\u00e9gmeg\u0151rz\u00e9sben bet\u00f6lt\u00f6tt n\u00e9lk\u00fcl\u00f6zhetetlen szerep\u00e9re k\u00edv\u00e1nja eml\u00e9keztetni a t\u00e1rsadalmat. E c\u00e9lb\u00f3l rendezte meg az id\u00e9n is az Orsz\u00e1gos K\u00f3rh\u00e1zi F\u0151igazgat\u00f3s\u00e1g partnereivel, a Kultur\u00e1lis \u00e9s Innov\u00e1ci\u00f3s Miniszt\u00e9rium Csal\u00e1dok\u00e9rt Felel\u0151s \u00c1llamtitk\u00e1rs\u00e1g\u00e1val, a Magyar V\u00e9d\u0151n\u0151k Szakmai Sz\u00f6vets\u00e9g\u00e9vel, a Magyar V\u00e9d\u0151n\u0151k Egyes\u00fclet\u00e9vel \u00e9s a Szoptat\u00e1st T\u00e1mogat\u00f3 Nemzeti Bizotts\u00e1ggal a Szoptat\u00e1s Vil\u00e1ghete Konferenci\u00e1t.<\/p>\n\n\n\n<p><strong>Hornung \u00c1gnes<\/strong>, a Kultur\u00e1lis \u00e9s Innov\u00e1ci\u00f3s Miniszt\u00e9rium csal\u00e1dok\u00e9rt felel\u0151s \u00e1llamtitk\u00e1ra, a tan\u00e1cskoz\u00e1s f\u0151v\u00e9dn\u00f6ke a rendezv\u00e9ny megnyit\u00f3j\u00e1n elmondta: \u201eA csal\u00e1dok\u00e9rt felel\u0151s \u00e1llamtitk\u00e1rs\u00e1g c\u00e9lja, hogy \u00e9let\u00fck minden szakasz\u00e1ban seg\u00edtse a gyermekeket \u00e9s a sz\u00fcl\u0151ket. Ez\u00e9rt is l\u00e9nyeges felh\u00edvni a figyelmet arra, milyen nagy jelent\u0151s\u00e9ggel b\u00edr az az id\u0151szak, mikor a kisgyermek sz\u00e1m\u00e1ra a legmegfelel\u0151bb t\u00e1pl\u00e1l\u00e9kot az anyatej jelenti. Fontos, hogy min\u00e9l t\u00f6bb \u00e9desanya \u00e9ljen az anyatejes t\u00e1pl\u00e1l\u00e1s lehet\u0151s\u00e9g\u00e9vel, ha pedig a szoptat\u00e1s neh\u00e9zs\u00e9gekbe \u00fctk\u00f6zik, ne adja fel, k\u00e9rje szakember \u2013 p\u00e9ld\u00e1ul v\u00e9d\u0151n\u0151, orvos, vagy lakt\u00e1ci\u00f3s tan\u00e1csad\u00f3 &#8211; seg\u00edts\u00e9g\u00e9t.\u201d Hornung \u00c1gnes kiemelt feladatk\u00e9nt jel\u00f6lte meg, hogy az \u00e9desany\u00e1k m\u00e1r a k\u00f3rh\u00e1zban tal\u00e1lkozzanak lakt\u00e1ci\u00f3s tan\u00e1csad\u00f3val, valamint a c\u00e9lok k\u00f6z\u00f6tt eml\u00edtette az anyatejgy\u0171jt\u00e9s rendszer\u00e9nek fejleszt\u00e9s\u00e9t \u00e9s az anyatej-don\u00e1ci\u00f3 hat\u00e9konyabb\u00e1 t\u00e9tel\u00e9t. Ahogyan fogalmazott: \u201ec\u00e9lunk, hogy minden v\u00e1rmegy\u00e9ben legyen legal\u00e1bb egy gy\u0171jt\u0151\u00e1llom\u00e1s, \u00e9s az anyatejhez val\u00f3 hozz\u00e1jut\u00e1s szab\u00e1lyoz\u00e1sa egyszer\u0171bb\u00e9 v\u00e1ljon.\u201d<\/p>\n\n\n\n<p>\u201eAz Orsz\u00e1gos K\u00f3rh\u00e1zi F\u0151igazgat\u00f3s\u00e1gnak, mint a n\u00e9peg\u00e9szs\u00e9g\u00fcgy\u00e9rt \u00e9s a v\u00e9d\u0151n\u0151i szolg\u00e1lat szakmai ir\u00e1ny\u00edt\u00e1s\u00e1\u00e9rt is felel\u0151s szervezetnek jelent\u0151s szerepe van az anyatejes t\u00e1pl\u00e1l\u00e1s \u00f6szt\u00f6nz\u00e9s\u00e9ben\u201d \u2013 mondta k\u00f6sz\u00f6nt\u0151j\u00e9ben&nbsp;<strong>B\u00e1bin\u00e9 Szottfried Gabriella<\/strong>&nbsp;n\u00e9peg\u00e9szs\u00e9g\u00fcgy\u00e9rt \u00e9s prevenci\u00f3\u00e9rt felel\u0151s f\u0151igazgat\u00f3-helyettes. Hozz\u00e1tette: a konferencia r\u00e9sztvev\u0151inek k\u00f6z\u00f6s er\u0151vel, a t\u00e1rsadalom minden r\u00e9teg\u00e9t megsz\u00f3l\u00edtva kell felh\u00edvniuk a figyelmet a szoptat\u00e1s fontoss\u00e1g\u00e1ra, az \u00e9desany\u00e1kat pedig arra kell sarkallniuk, ha csak tehetik, v\u00e1lassz\u00e1k az anyatejes t\u00e1pl\u00e1l\u00e1st, ez\u00e1ltal a legt\u00f6bbet biztos\u00edtva gyermekeik sz\u00e1m\u00e1ra.<\/p>\n\n\n\n<p><strong>V\u00e1rfalvi Marianna<\/strong>, a Magyar V\u00e9d\u0151n\u0151k Szakmai Sz\u00f6vets\u00e9g\u00e9nek eln\u00f6ke a f\u0151igazgat\u00f3-helyettes szavaira utalva kit\u00e9rt arra, hogy az anyatej nem egyszer\u0171en t\u00e1pl\u00e1l\u00e9k, mert minden alkalommal k\u00e9pes k\u00f6vetni a csecsem\u0151 biol\u00f3giai sz\u00fcks\u00e9gleteit, ugyanakkor a legterm\u00e9szetesebb \u00f6sszetev\u0151i nemcsak \u00e9p\u00edtik, de v\u00e9dik is az immunrendszert. Mint mondta, \u201ea mindennapok izgalm\u00e1ban, a folyamatos v\u00e1ltoz\u00e1sok k\u00f6zepette sokszor keress\u00fck a megfelel\u0151 v\u00e1laszokat, megold\u00e1sokat, az olykor elbizonytalanod\u00f3 \u00e9desany\u00e1k sz\u00e1m\u00e1ra ezek az alapt\u00e9telek viszont szinte minden szempontot \u00e9s magyar\u00e1zatot megalapoznak\u201d.<\/p>\n\n\n\n<p>A Szoptat\u00e1s Vil\u00e1ghet\u00e9nek t\u00e9m\u00e1ja \u00e9vr\u0151l \u00e9vre v\u00e1ltozik, melynek c\u00e9lja mindig a szoptat\u00e1ssal \u00f6sszef\u00fcgg\u0151 k\u00e9rd\u00e9sekre, a szoptat\u00e1s t\u00e1mogat\u00e1s\u00e1nak fontoss\u00e1g\u00e1ra \u00e9s v\u00e9delm\u00e9re ir\u00e1ny\u00edtani a k\u00f6zv\u00e9lem\u00e9ny figyelm\u00e9t. Ebben az \u00e9vben&nbsp;<em>\u201eA dolgoz\u00f3 any\u00e1k szoptat\u00e1shoz val\u00f3 joga\u201d<\/em>&nbsp;\u00e1ll a figyelem k\u00f6z\u00e9ppontj\u00e1ban. \u2013 h\u00edvta fel a hallgat\u00f3s\u00e1g figyelm\u00e9t&nbsp;<strong>Gitidiszn\u00e9 Gyetv\u00e1n Krisztina<\/strong>, a Magyar V\u00e9d\u0151n\u0151k Egyes\u00fclet\u00e9nek eln\u00f6ke. A munkahelyeknek lehet\u0151s\u00e9get kell biztos\u00edtaniuk az any\u00e1knak arra, hogy megfelel\u0151 id\u0151t \u00e9s helyet kapjanak a szoptat\u00e1shoz vagy a fej\u00e9shez, mely mag\u00e1ba foglalhatja a rugalmas munkaid\u0151t, a szoptat\u00e1si sz\u00fcneteket, a szoptat\u00e1ssal bar\u00e1t k\u00f6rnyezetet. Azok a munk\u00e1ltat\u00f3k, akik elk\u00f6telezettek a szoptat\u00e1s t\u00e1mogat\u00e1sa ir\u00e1nt, el\u0151seg\u00edtik az any\u00e1k eg\u00e9szs\u00e9g\u00e9t, j\u00f3l\u00e9t\u00e9t. \u2013 tette hozz\u00e1.<\/p>\n\n\n\n<p>A rendezv\u00e9ny szakmai programj\u00e1t a Magyar V\u00e9d\u0151n\u0151k Egyes\u00fclete Orsz\u00e1gos Eln\u00f6ks\u00e9ge ny\u00fajtotta be az Orsz\u00e1gos K\u00f3rh\u00e1zi F\u0151igazgat\u00f3s\u00e1g Hum\u00e1ner\u0151forr\u00e1s-fejleszt\u00e9si Igazgat\u00f3s\u00e1g Nyilv\u00e1ntart\u00e1si \u00e9s K\u00e9pz\u00e9st\u00e1mogat\u00e1si F\u0151oszt\u00e1lya r\u00e9sz\u00e9re. A beny\u00fajtott tov\u00e1bbk\u00e9pz\u00e9si programot 17 ponttal min\u0151s\u00edtette a F\u0151oszt\u00e1ly.<\/p>\n\n\n\n<p><em>Orsz\u00e1gos K\u00f3rh\u00e1zi F\u0151igazgat\u00f3s\u00e1g<br><\/em><em>Fot\u00f3:&nbsp;<\/em><em>Kultur\u00e1lis \u00e9s Innov\u00e1ci\u00f3s Miniszt\u00e9rium<\/em><\/p>\n","protected":false},"excerpt":{"rendered":"<p>Term\u00e9szetesen anyatejjel! Az anyatejes t\u00e1pl\u00e1l\u00e1s fontoss\u00e1g\u00e1ra h\u00edvja fel a figyelmet a Szoptat\u00e1s Vil\u00e1ghete Konferencia A csecsem\u0151k, \u00e9s az \u00e9desany\u00e1k eg\u00e9szs\u00e9g\u00e9nek meg\u0151rz\u00e9se \u00e9rdek\u00e9ben a legjobb v\u00e1laszt\u00e1s az anyatejes t\u00e1pl\u00e1l\u00e1s. Emellett a prevenci\u00f3 egyik leghat\u00e9konyabb eszk\u00f6ze, hiszen az anyatejes t\u00e1pl\u00e1l\u00e1s jelent\u0151s m\u00e9rt\u00e9kben meghat\u00e1rozza, hogy \u00e9let\u00fcnk sor\u00e1n milyen gyakran ker\u00fcln\u00fcnk kapcsolatba az eg\u00e9szs\u00e9g\u00fcgyi&#8230; <a class=\"continue-reading-link\" href=\"https:\/\/www.szuletik.hu\/?p=315\">Cikk folytat\u00e1sa&#8230; <span class=\"meta-nav\">&rarr; <\/span><\/a><\/p>\n","protected":false},"author":1,"featured_media":316,"comment_status":"closed","ping_status":"open","sticky":false,"template":"","format":"standard","meta":{"footnotes":""},"categories":[4],"tags":[],"class_list":["post-315","post","type-post","status-publish","format-standard","has-post-thumbnail","hentry","category-hireink"],"_links":{"self":[{"href":"https:\/\/www.szuletik.hu\/index.php?rest_route=\/wp\/v2\/posts\/315","targetHints":{"allow":["GET"]}}],"collection":[{"href":"https:\/\/www.szuletik.hu\/index.php?rest_route=\/wp\/v2\/posts"}],"about":[{"href":"https:\/\/www.szuletik.hu\/index.php?rest_route=\/wp\/v2\/types\/post"}],"author":[{"embeddable":true,"href":"https:\/\/www.szuletik.hu\/index.php?rest_route=\/wp\/v2\/users\/1"}],"replies":[{"embeddable":true,"href":"https:\/\/www.szuletik.hu\/index.php?rest_route=%2Fwp%2Fv2%2Fcomments&post=315"}],"version-history":[{"count":1,"href":"https:\/\/www.szuletik.hu\/index.php?rest_route=\/wp\/v2\/posts\/315\/revisions"}],"predecessor-version":[{"id":317,"href":"https:\/\/www.szuletik.hu\/index.php?rest_route=\/wp\/v2\/posts\/315\/revisions\/317"}],"wp:featuredmedia":[{"embeddable":true,"href":"https:\/\/www.szuletik.hu\/index.php?rest_route=\/wp\/v2\/media\/316"}],"wp:attachment":[{"href":"https:\/\/www.szuletik.hu\/index.php?rest_route=%2Fwp%2Fv2%2Fmedia&parent=315"}],"wp:term":[{"taxonomy":"category","embeddable":true,"href":"https:\/\/www.szuletik.hu\/index.php?rest_route=%2Fwp%2Fv2%2Fcategories&post=315"},{"taxonomy":"post_tag","embeddable":true,"href":"https:\/\/www.szuletik.hu\/index.php?rest_route=%2Fwp%2Fv2%2Ftags&post=315"}],"curies":[{"name":"wp","href":"https:\/\/api.w.org\/{rel}","templated":true}]}}