{"id":393,"date":"2024-03-19T16:48:35","date_gmt":"2024-03-19T16:48:35","guid":{"rendered":"https:\/\/www.szuletik.hu\/?p=393"},"modified":"2024-03-19T16:49:00","modified_gmt":"2024-03-19T16:49:00","slug":"konyvajanlo-2","status":"publish","type":"post","link":"https:\/\/www.szuletik.hu\/?p=393","title":{"rendered":"FILMAJ\u00c1NL\u00d3"},"content":{"rendered":"\n<p><strong>Figyelm\u00fckbe aj\u00e1nljuk \u00e9s felt\u00e9tlen\u00fcl javasoljuk megn\u00e9zni a \u201cSz\u00fclet\u00e9si szakad\u00e9k &#8211; Gyermektelen vil\u00e1g\u201d (&amp;quot;Birthgap &#8211; Childless World&amp;quot;) c\u00edm\u0171 filmet, amely \u201eegy t\u00f6bb orsz\u00e1gon \u00e1t\u00edvel\u0151 utaz\u00e1son kereszt\u00fcl mutatja be, hogy mi\u00e9rt cs\u00f6kken \u00e9vtizedek \u00f3ta a sz\u00fclet\u00e9si r\u00e1ta a fejlett vil\u00e1gban. A szem\u00e9lyes interj\u00fakb\u00f3l \u00e1ll\u00f3 dokumentumfilmb\u0151l megismerhetj\u00fck a n\u00e9pesed\u00e9si folyamatok \u00e9s a demogr\u00e1fiai t\u00e9l m\u00f6g\u00f6tt megh\u00faz\u00f3d\u00f3 okokat, valamint azok v\u00e1rhat\u00f3 hat\u00e1sait a j\u00f6v\u0151nkre\u201d.<\/strong><\/p>\n\n\n\n<!--more-->\n\n\n\n<figure class=\"wp-block-image size-full\"><img loading=\"lazy\" decoding=\"async\" width=\"686\" height=\"638\" src=\"https:\/\/www.szuletik.hu\/wp-content\/uploads\/2024\/03\/birthgap.jpg\" alt=\"\" class=\"wp-image-394\" srcset=\"https:\/\/www.szuletik.hu\/wp-content\/uploads\/2024\/03\/birthgap.jpg 686w, https:\/\/www.szuletik.hu\/wp-content\/uploads\/2024\/03\/birthgap-300x279.jpg 300w, https:\/\/www.szuletik.hu\/wp-content\/uploads\/2024\/03\/birthgap-150x140.jpg 150w, https:\/\/www.szuletik.hu\/wp-content\/uploads\/2024\/03\/birthgap-161x150.jpg 161w\" sizes=\"auto, (max-width: 686px) 100vw, 686px\" \/><\/figure>\n\n\n\n<p>A film magyar felirattal n\u00e9zhet\u0151 ezen a linken:\u00a0<a href=\"https:\/\/youtu.be\/hIvFDjlZDoE\">https:\/\/youtu.be\/hIvFDjlZDoE<\/a>\u00a0A filmet a Kopp M\u00e1ria Int\u00e9zet a N\u00e9pesed\u00e9s\u00e9rt \u00e9s a Csal\u00e1dok\u00e9rt (KINCS) \u00e1ltal szervezett \u201eN\u0150K, MENYASSZONYOK, ANY\u00c1K &#8211; TERVEKB\u0150L VAL\u00d3S\u00c1G?!\u201d c\u00edm\u0171 konferenci\u00e1n mutatt\u00e1k be 2024. m\u00e1rcius 7-\u00e9n, a Magyar Nemzeti M\u00fazeumban, amelyen az MVSZSZ eln\u00f6ke is r\u00e9szt vett.<\/p>\n\n\n\n<figure class=\"wp-block-embed is-type-video is-provider-youtube wp-block-embed-youtube wp-embed-aspect-16-9 wp-has-aspect-ratio\"><div class=\"wp-block-embed__wrapper\">\n<iframe loading=\"lazy\" title=\"Birthgap\u00a0\u201eSz\u00fclet\u00e9si szakad\u00e9k \u2013 Gyermektelen vil\u00e1g\u201d\" width=\"800\" height=\"450\" src=\"https:\/\/www.youtube.com\/embed\/hIvFDjlZDoE?feature=oembed\" frameborder=\"0\" allow=\"accelerometer; autoplay; clipboard-write; encrypted-media; gyroscope; picture-in-picture; web-share\" allowfullscreen><\/iframe>\n<\/div><\/figure>\n","protected":false},"excerpt":{"rendered":"<p>Figyelm\u00fckbe aj\u00e1nljuk \u00e9s felt\u00e9tlen\u00fcl javasoljuk megn\u00e9zni a \u201cSz\u00fclet\u00e9si szakad\u00e9k &#8211; Gyermektelen vil\u00e1g\u201d (&amp;quot;Birthgap &#8211; Childless World&amp;quot;) c\u00edm\u0171 filmet, amely \u201eegy t\u00f6bb orsz\u00e1gon \u00e1t\u00edvel\u0151 utaz\u00e1son kereszt\u00fcl mutatja be, hogy mi\u00e9rt cs\u00f6kken \u00e9vtizedek \u00f3ta a sz\u00fclet\u00e9si r\u00e1ta a fejlett vil\u00e1gban. A szem\u00e9lyes interj\u00fakb\u00f3l \u00e1ll\u00f3 dokumentumfilmb\u0151l megismerhetj\u00fck a n\u00e9pesed\u00e9si folyamatok \u00e9s a demogr\u00e1fiai&#8230; <a class=\"continue-reading-link\" href=\"https:\/\/www.szuletik.hu\/?p=393\">Cikk folytat\u00e1sa&#8230; <span class=\"meta-nav\">&rarr; <\/span><\/a><\/p>\n","protected":false},"author":1,"featured_media":394,"comment_status":"closed","ping_status":"open","sticky":false,"template":"","format":"standard","meta":{"footnotes":""},"categories":[4],"tags":[],"class_list":["post-393","post","type-post","status-publish","format-standard","has-post-thumbnail","hentry","category-hireink"],"_links":{"self":[{"href":"https:\/\/www.szuletik.hu\/index.php?rest_route=\/wp\/v2\/posts\/393","targetHints":{"allow":["GET"]}}],"collection":[{"href":"https:\/\/www.szuletik.hu\/index.php?rest_route=\/wp\/v2\/posts"}],"about":[{"href":"https:\/\/www.szuletik.hu\/index.php?rest_route=\/wp\/v2\/types\/post"}],"author":[{"embeddable":true,"href":"https:\/\/www.szuletik.hu\/index.php?rest_route=\/wp\/v2\/users\/1"}],"replies":[{"embeddable":true,"href":"https:\/\/www.szuletik.hu\/index.php?rest_route=%2Fwp%2Fv2%2Fcomments&post=393"}],"version-history":[{"count":2,"href":"https:\/\/www.szuletik.hu\/index.php?rest_route=\/wp\/v2\/posts\/393\/revisions"}],"predecessor-version":[{"id":396,"href":"https:\/\/www.szuletik.hu\/index.php?rest_route=\/wp\/v2\/posts\/393\/revisions\/396"}],"wp:featuredmedia":[{"embeddable":true,"href":"https:\/\/www.szuletik.hu\/index.php?rest_route=\/wp\/v2\/media\/394"}],"wp:attachment":[{"href":"https:\/\/www.szuletik.hu\/index.php?rest_route=%2Fwp%2Fv2%2Fmedia&parent=393"}],"wp:term":[{"taxonomy":"category","embeddable":true,"href":"https:\/\/www.szuletik.hu\/index.php?rest_route=%2Fwp%2Fv2%2Fcategories&post=393"},{"taxonomy":"post_tag","embeddable":true,"href":"https:\/\/www.szuletik.hu\/index.php?rest_route=%2Fwp%2Fv2%2Ftags&post=393"}],"curies":[{"name":"wp","href":"https:\/\/api.w.org\/{rel}","templated":true}]}}