{"id":397,"date":"2024-03-21T08:34:54","date_gmt":"2024-03-21T08:34:54","guid":{"rendered":"https:\/\/www.szuletik.hu\/?p=397"},"modified":"2024-03-21T08:34:54","modified_gmt":"2024-03-21T08:34:54","slug":"indul-a-zold-konzultacio","status":"publish","type":"post","link":"https:\/\/www.szuletik.hu\/?p=397","title":{"rendered":"INDUL A Z\u00d6LD KONZULT\u00c1CI\u00d3!"},"content":{"rendered":"\n<p><strong>Ezzel a v\u00e9lem\u00e9nyalkot\u00e1ssal&nbsp;a lakoss\u00e1g eg\u00e9szs\u00e9g\u00e9t is&nbsp;t\u00e1mogathatjuk!<\/strong><br>A felm\u00e9r\u00e9s az al\u00e1bbi oldalon \u00e1prilis 15-ig t\u00f6lthet\u0151 ki:&nbsp;https:\/\/zoldenergia.kormany.hu\/<\/p>\n\n\n\n<!--more-->\n\n\n\n<p>Magyarorsz\u00e1g Korm\u00e1nya elind\u00edtotta a \u201eK\u00f6z\u00f6s \u00fcgy\u00fcnk a z\u00f6ldenergia\u201d online p\u00e1rbesz\u00e9det. Magyarorsz\u00e1g&nbsp;Korm\u00e1ny\u00e1nak c\u00e9lja, hogy egyet\u00e9rt\u00e9si pontokat hozzon l\u00e9tre a magyarok mindennapjait meghat\u00e1roz\u00f3 kiemelt \u00fcgyekben.<br><br>Eddig 16 alkalommal k\u00e9rt\u00e9k ki az \u00e1llampolg\u00e1rok v\u00e9lem\u00e9ny\u00e9t \u00e9s vett\u00e9k figyelembe javaslataikat a d\u00f6nt\u00e9sekn\u00e9l, int\u00e9zked\u00e9sekn\u00e9l.<br><br>Most online t\u00e1rsadalmi p\u00e1rbesz\u00e9det ind\u00edtottak a&nbsp;z\u00f6ldenergia k\u00e9rd\u00e9s\u00e9ben.<br><br>A k\u00e9rd\u0151\u00edv&nbsp;KIT\u00d6LT\u00c9S\u00c9VEL&nbsp;sz\u00e1mos olyan k\u00e9rd\u00e9sr\u0151l mondhatja el v\u00e9lem\u00e9ny\u00e9t, amelyek alapjaiban meghat\u00e1rozz\u00e1k a hazai z\u00f6ldenergia-politik\u00e1t. Most k\u00f6z\u00f6sen d\u00f6nthet\u00fcnk a napelemek telep\u00edt\u00e9s\u00e9r\u0151l, az elektromos k\u00f6zleked\u00e9s \u00e1llami t\u00e1mogat\u00e1s\u00e1r\u00f3l, a szab\u00e1lyoz\u00e1si rendszerr\u0151l, a meg\u00fajul\u00f3 energia n\u00e9pszer\u0171s\u00edt\u00e9s\u00e9r\u0151l \u00e9s a z\u00f6ldenergi\u00e1nak a hazai k\u00f6zleked\u00e9sben bet\u00f6lt\u00f6tt szerep\u00e9r\u0151l<\/p>\n\n\n\n<p>A felm\u00e9r\u00e9s az al\u00e1bbi oldalon t\u00f6lthet\u0151 ki:&nbsp;<a href=\"https:\/\/zoldenergia.kormany.hu\/\">https:\/\/zoldenergia.kormany.hu\/<\/a><br><br>Az al\u00e1bbi linken k\u00fcld\u00f6m a bejelent\u00e9s ind\u00edt\u00e1s\u00e1r\u00f3l sz\u00f3l\u00f3 vide\u00f3t:&nbsp;<a href=\"https:\/\/fb.watch\/qN8tVfydIy\/\">https:\/\/fb.watch\/qN8tVfydIy\/<\/a><br><br><strong>A k\u00e9rd\u0151\u00edv kit\u00f6lt\u00e9s\u00e9re \u00e1prilis 15-ig van lehet\u0151s\u00e9g!<\/strong><\/p>\n\n\n\n<p><a href=\"https:\/\/www.mvszsz.hu\/index.php\/hu\/184-indul-a-zold-konzultacio?tmpl=component&amp;print=1&amp;layout=default\"><\/a><\/p>\n","protected":false},"excerpt":{"rendered":"<p>Ezzel a v\u00e9lem\u00e9nyalkot\u00e1ssal&nbsp;a lakoss\u00e1g eg\u00e9szs\u00e9g\u00e9t is&nbsp;t\u00e1mogathatjuk!A felm\u00e9r\u00e9s az al\u00e1bbi oldalon \u00e1prilis 15-ig t\u00f6lthet\u0151 ki:&nbsp;https:\/\/zoldenergia.kormany.hu\/<\/p>\n","protected":false},"author":1,"featured_media":398,"comment_status":"closed","ping_status":"open","sticky":false,"template":"","format":"standard","meta":{"footnotes":""},"categories":[4],"tags":[],"class_list":["post-397","post","type-post","status-publish","format-standard","has-post-thumbnail","hentry","category-hireink"],"_links":{"self":[{"href":"https:\/\/www.szuletik.hu\/index.php?rest_route=\/wp\/v2\/posts\/397","targetHints":{"allow":["GET"]}}],"collection":[{"href":"https:\/\/www.szuletik.hu\/index.php?rest_route=\/wp\/v2\/posts"}],"about":[{"href":"https:\/\/www.szuletik.hu\/index.php?rest_route=\/wp\/v2\/types\/post"}],"author":[{"embeddable":true,"href":"https:\/\/www.szuletik.hu\/index.php?rest_route=\/wp\/v2\/users\/1"}],"replies":[{"embeddable":true,"href":"https:\/\/www.szuletik.hu\/index.php?rest_route=%2Fwp%2Fv2%2Fcomments&post=397"}],"version-history":[{"count":1,"href":"https:\/\/www.szuletik.hu\/index.php?rest_route=\/wp\/v2\/posts\/397\/revisions"}],"predecessor-version":[{"id":399,"href":"https:\/\/www.szuletik.hu\/index.php?rest_route=\/wp\/v2\/posts\/397\/revisions\/399"}],"wp:featuredmedia":[{"embeddable":true,"href":"https:\/\/www.szuletik.hu\/index.php?rest_route=\/wp\/v2\/media\/398"}],"wp:attachment":[{"href":"https:\/\/www.szuletik.hu\/index.php?rest_route=%2Fwp%2Fv2%2Fmedia&parent=397"}],"wp:term":[{"taxonomy":"category","embeddable":true,"href":"https:\/\/www.szuletik.hu\/index.php?rest_route=%2Fwp%2Fv2%2Fcategories&post=397"},{"taxonomy":"post_tag","embeddable":true,"href":"https:\/\/www.szuletik.hu\/index.php?rest_route=%2Fwp%2Fv2%2Ftags&post=397"}],"curies":[{"name":"wp","href":"https:\/\/api.w.org\/{rel}","templated":true}]}}