{"id":405,"date":"2024-05-15T08:56:12","date_gmt":"2024-05-15T08:56:12","guid":{"rendered":"https:\/\/www.szuletik.hu\/?p=405"},"modified":"2025-01-27T10:32:13","modified_gmt":"2025-01-27T10:32:13","slug":"29-kozossegi-pszichiatriai-addiktologiai-es-mentalhigienes-konferencia","status":"publish","type":"post","link":"https:\/\/www.szuletik.hu\/?p=405","title":{"rendered":"29. K\u00f6z\u00f6ss\u00e9gi Pszichi\u00e1triai, Addiktol\u00f3giai \u00e9s Ment\u00e1lhigi\u00e9n\u00e9s Konferencia!"},"content":{"rendered":"\n<p>2024 tavasz\u00e1nak nagy esem\u00e9nye, a 29. K\u00f6z\u00f6ss\u00e9gi Pszichi\u00e1triai, Addiktol\u00f3giai &nbsp;\u00e9s Ment\u00e1lhigi\u00e9n\u00e9s Konferencia! D\u00e1tum:&nbsp;<strong><em>2024. m\u00e1jus 22.<\/em><\/strong><\/p>\n\n\n\n<!--more-->\n\n\n\n<p>Sz\u00f3 lesz t\u00f6bbek k\u00f6z\u00f6tt a sz\u00e9gyenr\u0151l a k\u00fcl\u00f6nb\u00f6z\u0151 \u00e9lethelyzetekben, az iskolai fizikai, verb\u00e1lis \u00e9s on-line zaklat\u00e1sr\u00f3l \u00e9s a mesters\u00e9ges intelligencia alkalmaz\u00e1s\u00e1nak lehet\u0151s\u00e9geir\u0151l az eg\u00e9szs\u00e9g\u00fcgyben \u00e9s a szoci\u00e1lis szolg\u00e1ltat\u00e1sok ter\u00e9n.<\/p>\n\n\n\n<p>Most is t\u00f6bb k\u00fclf\u00f6ldi el\u0151ad\u00f3 megh\u00edv\u00e1s\u00e1t tervezz\u00fck, hogy hozz\u00e1k el nek\u00fcnk a legkorszer\u0171bb ismereteket, term\u00e9szetesen a m\u00e1r j\u00f3l bev\u00e1lt szinkrontolm\u00e1csol\u00e1ssal.<\/p>\n\n\n\n<p><img loading=\"lazy\" decoding=\"async\" width=\"20\" height=\"20\" class=\"wp-image-309\" style=\"width: 20px;\" src=\"http:\/\/www.szuletik.hu\/wp-content\/uploads\/2023\/05\/pdf64.png\" alt=\"\"><a href=\"https:\/\/www.mvszsz.hu\/docs\/29Kozossegi_Konferenca_Program0509.pdf\" target=\"_blank\" rel=\"noreferrer noopener\">&nbsp;MEGH\u00cdV\u00d3<\/a><\/p>\n\n\n\n<p><strong>&nbsp;Workshop I. B\u00c1NTALMAZ\u00c1S \u2013 SZ\u00c9GYEN a gyermek- \u00e9s ifj\u00fakorban<br>&nbsp;<\/strong><strong>Moder\u00e1tor:&nbsp;<em>V\u00e1rfalvi Marianna<\/em><\/strong><\/p>\n\n\n\n<p><strong>Az \u00e1ldozatt\u00e1 v\u00e1l\u00e1s megel\u0151z\u00e9se I.&nbsp;&#8211; Sz\u00e9gyenhelyzetek, b\u00e1ntalmaz\u00e1s gyermek- \u00e9s ifj\u00fakorban&nbsp;<br><a href=\"https:\/\/youtu.be\/jRckjJUtoMs\" target=\"_blank\" rel=\"noreferrer noopener\">&nbsp;Moder\u00e1tor:&nbsp;<em>V\u00e1rfalvi Marianna<\/em><\/a><\/strong><\/p>\n\n\n\n<ol class=\"wp-block-list\">\n<li><a href=\"https:\/\/youtu.be\/v0_eVA5kS3s\" target=\"_blank\" rel=\"noreferrer noopener\"><strong>\u00a0<\/strong><strong>Feffer Zsuzsanna:\u00a0<\/strong>f\u0151oszt\u00e1lyvezet\u0151, BM Gyermekv\u00e9delmi \u00e9s Gy\u00e1m\u00fcgyi F\u0151oszt\u00e1ly \u2013 fiatalkori b\u00e1ntalmaz\u00e1s<\/a><\/li>\n\n\n\n<li><a href=\"https:\/\/youtu.be\/pOxFf33u7Ng\" target=\"_blank\" rel=\"noreferrer noopener\"><strong>\u00a0<\/strong><strong>B\u00e1bi Anna:\u00a0<\/strong>kommunik\u00e1ci\u00f3s szakember Budapest \u2013 testk\u00e9pzavarok lelki okai \u2013 sz\u00e9gyen<\/a><\/li>\n\n\n\n<li><a href=\"https:\/\/youtu.be\/qFV5JjEzKfA\" target=\"_blank\" rel=\"noreferrer noopener\">\u00a0<strong>L\u0151rinczi Orsolya:<\/strong>\u00a0V\u00e1ltoz\u00e1sok a gyermekv\u00e9delmi jelz\u0151rendszerben<\/a><\/li>\n<\/ol>\n\n\n\n<p><strong>&nbsp;Workshop II.&nbsp;<\/strong><strong>Az \u00e1ldozatt\u00e1 v\u00e1l\u00e1s megel\u0151z\u00e9se II. &#8211;&nbsp;<\/strong><strong>B\u00c1NTALMAZ\u00c1S megel\u0151z\u00e9s \u2013 reziliencia &nbsp;a gyermek- \u00e9s ifj\u00fakorban<br><\/strong><strong>&nbsp;Moder\u00e1tor: V\u00e1rfalvi Marianna<\/strong><\/p>\n\n\n\n<ol class=\"wp-block-list\">\n<li><a href=\"https:\/\/youtu.be\/-Tpau7gk84U\" target=\"_blank\" rel=\"noreferrer noopener\"><strong>\u00a0<\/strong><strong>Simon-Incze Ren\u00e1ta<\/strong>: iskolav\u00e9d\u0151n\u0151 \u2013 M\u00e1traszentimre \u2013 Iskolai b\u00e1ntalmaz\u00e1s megel\u0151z\u00e9s\u00e9nek lehet\u0151s\u00e9gei<\/a><\/li>\n\n\n\n<li><a href=\"https:\/\/youtu.be\/JT3X-5G6ohw\" target=\"_blank\" rel=\"noreferrer noopener\"><strong>\u00a0<\/strong><strong>\u0150rsin\u00e9 Brunner Csilla<\/strong>: iskolav\u00e9d\u0151n\u0151 Budapest \u2013 iskolav\u00e9d\u0151n\u0151 szerepe a bullying megel\u0151z\u00e9sben, kezel\u00e9s\u00e9ben<\/a><\/li>\n\n\n\n<li><a href=\"https:\/\/youtu.be\/2GE0towxbfM\" target=\"_blank\" rel=\"noreferrer noopener\"><strong>\u00a0<\/strong><strong>Guly\u00e1s N\u00f3ra:\u00a0<\/strong>iskolav\u00e9d\u0151n\u0151 Budapest \u2013 B\u00e9k\u00e9s Iskola Program<\/a><\/li>\n\n\n\n<li><a href=\"https:\/\/youtu.be\/h0ZwCRhQgUc\" target=\"_blank\" rel=\"noreferrer noopener\"><strong>\u00a0<\/strong><strong>Sik Dorottya:\u00a0<\/strong>egyetemi docens ELTE &#8211; Az iskolai szoci\u00e1lis munka\u00a0szerepe a b\u00e1ntalmaz\u00e1s megel\u0151z\u00e9s\u00e9ben<\/a><\/li>\n<\/ol>\n","protected":false},"excerpt":{"rendered":"<p>2024 tavasz\u00e1nak nagy esem\u00e9nye, a 29. K\u00f6z\u00f6ss\u00e9gi Pszichi\u00e1triai, Addiktol\u00f3giai &nbsp;\u00e9s Ment\u00e1lhigi\u00e9n\u00e9s Konferencia! D\u00e1tum:&nbsp;2024. m\u00e1jus 22.<\/p>\n","protected":false},"author":1,"featured_media":402,"comment_status":"closed","ping_status":"open","sticky":false,"template":"","format":"standard","meta":{"footnotes":""},"categories":[4],"tags":[],"class_list":["post-405","post","type-post","status-publish","format-standard","has-post-thumbnail","hentry","category-hireink"],"_links":{"self":[{"href":"https:\/\/www.szuletik.hu\/index.php?rest_route=\/wp\/v2\/posts\/405","targetHints":{"allow":["GET"]}}],"collection":[{"href":"https:\/\/www.szuletik.hu\/index.php?rest_route=\/wp\/v2\/posts"}],"about":[{"href":"https:\/\/www.szuletik.hu\/index.php?rest_route=\/wp\/v2\/types\/post"}],"author":[{"embeddable":true,"href":"https:\/\/www.szuletik.hu\/index.php?rest_route=\/wp\/v2\/users\/1"}],"replies":[{"embeddable":true,"href":"https:\/\/www.szuletik.hu\/index.php?rest_route=%2Fwp%2Fv2%2Fcomments&post=405"}],"version-history":[{"count":2,"href":"https:\/\/www.szuletik.hu\/index.php?rest_route=\/wp\/v2\/posts\/405\/revisions"}],"predecessor-version":[{"id":488,"href":"https:\/\/www.szuletik.hu\/index.php?rest_route=\/wp\/v2\/posts\/405\/revisions\/488"}],"wp:featuredmedia":[{"embeddable":true,"href":"https:\/\/www.szuletik.hu\/index.php?rest_route=\/wp\/v2\/media\/402"}],"wp:attachment":[{"href":"https:\/\/www.szuletik.hu\/index.php?rest_route=%2Fwp%2Fv2%2Fmedia&parent=405"}],"wp:term":[{"taxonomy":"category","embeddable":true,"href":"https:\/\/www.szuletik.hu\/index.php?rest_route=%2Fwp%2Fv2%2Fcategories&post=405"},{"taxonomy":"post_tag","embeddable":true,"href":"https:\/\/www.szuletik.hu\/index.php?rest_route=%2Fwp%2Fv2%2Ftags&post=405"}],"curies":[{"name":"wp","href":"https:\/\/api.w.org\/{rel}","templated":true}]}}