{"id":412,"date":"2024-07-17T19:43:05","date_gmt":"2024-07-17T19:43:05","guid":{"rendered":"https:\/\/www.szuletik.hu\/?p=412"},"modified":"2024-07-17T19:43:05","modified_gmt":"2024-07-17T19:43:05","slug":"digitalis-bennszulottek","status":"publish","type":"post","link":"https:\/\/www.szuletik.hu\/?p=412","title":{"rendered":"Digit\u00e1lis bennsz\u00fcl\u00f6ttek"},"content":{"rendered":"\n<p>Digit\u00e1lis bennsz\u00fcl\u00f6ttek, digit\u00e1lis bev\u00e1ndorl\u00f3k, \u00e9l\u0151 emberek helyett szoftverszem\u00e9lyek.<\/p>\n\n\n\n<p>Ki tudunk-e sz\u00e1llni a digit\u00e1lis f\u00fcgg\u0151s\u00e9g vil\u00e1g\u00e1b\u00f3l?<\/p>\n\n\n\n<p><strong>A Kossuth R\u00e1di\u00f3 D\u00e9lel\u0151tt c\u00edm\u0171 m\u0171sor\u00e1ban j\u00falius 2-\u00e1n<\/strong>&nbsp;Horv\u00e1th Szil\u00e1rd vend\u00e9ge volt&nbsp;<a href=\"https:\/\/www.facebook.com\/pszichomenedzser?__cft__[0]=AZWUaO2ecQEhwjTMDVh-d8v7nJHuILWXl-ZnrqhaZCOwNvmprSjZvmRa7TAlDocLS27iv9Q6e8Rv4bAvdzmHm2NagnkYDBUyj3rRCDVjYBcpihbN3T7ft8T_pcs54ZXEusqpxSSkXXLo-eYZif7cwnK_w2ZkkkK8oNov7uWExqoEoQMu4bpxadbjVkeDV590r2FGGCmGCunTf_KueEVzaG5y&amp;__tn__=-]K-R\">Hal Melinda, klinikai szakpszichol\u00f3gus, k\u00f6zgazd\u00e1sz<\/a>&nbsp;\u00e9s&nbsp;<a href=\"https:\/\/www.facebook.com\/digitalisonvedelem?__cft__[0]=AZWUaO2ecQEhwjTMDVh-d8v7nJHuILWXl-ZnrqhaZCOwNvmprSjZvmRa7TAlDocLS27iv9Q6e8Rv4bAvdzmHm2NagnkYDBUyj3rRCDVjYBcpihbN3T7ft8T_pcs54ZXEusqpxSSkXXLo-eYZif7cwnK_w2ZkkkK8oNov7uWExqoEoQMu4bpxadbjVkeDV590r2FGGCmGCunTf_KueEVzaG5y&amp;__tn__=-]K-R\">P\u00f6ltl \u00c1kos &#8211; Csal\u00e1dbiztons\u00e1gi szak\u00e9rt\u0151<\/a>, az ad\u00e1sba telefonon jelentkezett be Gell\u00e9n M\u00e1rton jog\u00e1sz.<\/p>\n\n\n\n<hr class=\"wp-block-separator has-alpha-channel-opacity\" id=\"system-readmore\"\/>\n\n\n\n<figure class=\"wp-block-embed\"><div class=\"wp-block-embed__wrapper\">\nhttps:\/\/fb.watch\/tnRSUl8jMx\n<\/div><\/figure>\n","protected":false},"excerpt":{"rendered":"<p>Digit\u00e1lis bennsz\u00fcl\u00f6ttek, digit\u00e1lis bev\u00e1ndorl\u00f3k, \u00e9l\u0151 emberek helyett szoftverszem\u00e9lyek. Ki tudunk-e sz\u00e1llni a digit\u00e1lis f\u00fcgg\u0151s\u00e9g vil\u00e1g\u00e1b\u00f3l? A Kossuth R\u00e1di\u00f3 D\u00e9lel\u0151tt c\u00edm\u0171 m\u0171sor\u00e1ban j\u00falius 2-\u00e1n&nbsp;Horv\u00e1th Szil\u00e1rd vend\u00e9ge volt&nbsp;Hal Melinda, klinikai szakpszichol\u00f3gus, k\u00f6zgazd\u00e1sz&nbsp;\u00e9s&nbsp;P\u00f6ltl \u00c1kos &#8211; Csal\u00e1dbiztons\u00e1gi szak\u00e9rt\u0151, az ad\u00e1sba telefonon jelentkezett be Gell\u00e9n M\u00e1rton jog\u00e1sz.<\/p>\n","protected":false},"author":1,"featured_media":413,"comment_status":"closed","ping_status":"open","sticky":false,"template":"","format":"standard","meta":{"footnotes":""},"categories":[4],"tags":[],"class_list":["post-412","post","type-post","status-publish","format-standard","has-post-thumbnail","hentry","category-hireink"],"_links":{"self":[{"href":"https:\/\/www.szuletik.hu\/index.php?rest_route=\/wp\/v2\/posts\/412","targetHints":{"allow":["GET"]}}],"collection":[{"href":"https:\/\/www.szuletik.hu\/index.php?rest_route=\/wp\/v2\/posts"}],"about":[{"href":"https:\/\/www.szuletik.hu\/index.php?rest_route=\/wp\/v2\/types\/post"}],"author":[{"embeddable":true,"href":"https:\/\/www.szuletik.hu\/index.php?rest_route=\/wp\/v2\/users\/1"}],"replies":[{"embeddable":true,"href":"https:\/\/www.szuletik.hu\/index.php?rest_route=%2Fwp%2Fv2%2Fcomments&post=412"}],"version-history":[{"count":1,"href":"https:\/\/www.szuletik.hu\/index.php?rest_route=\/wp\/v2\/posts\/412\/revisions"}],"predecessor-version":[{"id":414,"href":"https:\/\/www.szuletik.hu\/index.php?rest_route=\/wp\/v2\/posts\/412\/revisions\/414"}],"wp:featuredmedia":[{"embeddable":true,"href":"https:\/\/www.szuletik.hu\/index.php?rest_route=\/wp\/v2\/media\/413"}],"wp:attachment":[{"href":"https:\/\/www.szuletik.hu\/index.php?rest_route=%2Fwp%2Fv2%2Fmedia&parent=412"}],"wp:term":[{"taxonomy":"category","embeddable":true,"href":"https:\/\/www.szuletik.hu\/index.php?rest_route=%2Fwp%2Fv2%2Fcategories&post=412"},{"taxonomy":"post_tag","embeddable":true,"href":"https:\/\/www.szuletik.hu\/index.php?rest_route=%2Fwp%2Fv2%2Ftags&post=412"}],"curies":[{"name":"wp","href":"https:\/\/api.w.org\/{rel}","templated":true}]}}