{"id":416,"date":"2024-07-26T09:37:57","date_gmt":"2024-07-26T09:37:57","guid":{"rendered":"https:\/\/www.szuletik.hu\/?p=416"},"modified":"2024-07-27T09:43:43","modified_gmt":"2024-07-27T09:43:43","slug":"augusztus-1-a-szoptatas-vilagnapja","status":"publish","type":"post","link":"https:\/\/www.szuletik.hu\/?p=416","title":{"rendered":"Augusztus 1. a Szoptat\u00e1s Vil\u00e1gnapja"},"content":{"rendered":"\n<div class=\"wp-block-columns is-layout-flex wp-container-core-columns-is-layout-9d6595d7 wp-block-columns-is-layout-flex\">\n<div class=\"wp-block-column is-layout-flow wp-block-column-is-layout-flow\">\n<figure class=\"wp-block-image size-full\"><img loading=\"lazy\" decoding=\"async\" width=\"491\" height=\"150\" src=\"https:\/\/www.szuletik.hu\/wp-content\/uploads\/2024\/07\/mvszsz.png\" alt=\"\" class=\"wp-image-417\" srcset=\"https:\/\/www.szuletik.hu\/wp-content\/uploads\/2024\/07\/mvszsz.png 491w, https:\/\/www.szuletik.hu\/wp-content\/uploads\/2024\/07\/mvszsz-300x92.png 300w, https:\/\/www.szuletik.hu\/wp-content\/uploads\/2024\/07\/mvszsz-150x46.png 150w, https:\/\/www.szuletik.hu\/wp-content\/uploads\/2024\/07\/mvszsz-250x76.png 250w\" sizes=\"auto, (max-width: 491px) 100vw, 491px\" \/><\/figure>\n<\/div>\n\n\n\n<div class=\"wp-block-column is-layout-flow wp-block-column-is-layout-flow\"><div class=\"wp-block-image\">\n<figure class=\"aligncenter size-full is-resized\"><img loading=\"lazy\" decoding=\"async\" width=\"512\" height=\"512\" src=\"https:\/\/www.szuletik.hu\/wp-content\/uploads\/2024\/07\/mave.png\" alt=\"\" class=\"wp-image-418\" style=\"width:82px;height:auto\" srcset=\"https:\/\/www.szuletik.hu\/wp-content\/uploads\/2024\/07\/mave.png 512w, https:\/\/www.szuletik.hu\/wp-content\/uploads\/2024\/07\/mave-300x300.png 300w, https:\/\/www.szuletik.hu\/wp-content\/uploads\/2024\/07\/mave-150x150.png 150w\" sizes=\"auto, (max-width: 512px) 100vw, 512px\" \/><\/figure>\n<\/div><\/div>\n\n\n\n<div class=\"wp-block-column is-layout-flow wp-block-column-is-layout-flow\">\n<figure class=\"wp-block-image size-full\"><img loading=\"lazy\" decoding=\"async\" width=\"225\" height=\"70\" src=\"https:\/\/www.szuletik.hu\/wp-content\/uploads\/2024\/07\/okfologo.png\" alt=\"\" class=\"wp-image-419\" srcset=\"https:\/\/www.szuletik.hu\/wp-content\/uploads\/2024\/07\/okfologo.png 225w, https:\/\/www.szuletik.hu\/wp-content\/uploads\/2024\/07\/okfologo-150x47.png 150w\" sizes=\"auto, (max-width: 225px) 100vw, 225px\" \/><\/figure>\n<\/div>\n<\/div>\n\n\n\n<p>Az&nbsp;<a href=\"https:\/\/www.mvszsz.hu\/index.php\/hu\/\" target=\"_blank\" rel=\"noreferrer noopener\">MVSZSZ<\/a>, a&nbsp;<a href=\"https:\/\/mave.hu\/\" target=\"_blank\" rel=\"noreferrer noopener\">MAVE<\/a>&nbsp;\u00e9s&nbsp;<a href=\"https:\/\/okfo.gov.hu\/\" target=\"_blank\" rel=\"noreferrer noopener\">OKF\u0150<\/a>&nbsp;szervez\u00e9s\u00e9ben megval\u00f3sul\u00f3 szoptat\u00e1si vil\u00e1gnapi rendezv\u00e9ny akkredit\u00e1lt tov\u00e1bbk\u00e9pz\u0151 konferencia keret\u00e9ben val\u00f3sul meg.&nbsp;<\/p>\n\n\n\n<p><strong>&nbsp;Helysz\u00edn:<\/strong>&nbsp;D\u00e9l-Pesti Centrum K\u00f3rh\u00e1z&nbsp;Orsz\u00e1gos Hematol\u00f3giai \u00e9s Infektol\u00f3giai Int\u00e9zet&nbsp;Budapest, Albert Fl\u00f3ri\u00e1n \u00fat 5-7, 1097 (Szem\u00e9lyes \u00e9s online r\u00e9szv\u00e9telre van lehet\u0151s\u00e9g.)<\/p>\n\n\n\n<p><em>A r\u00e9szv\u00e9tel ingyenes, de a korl\u00e1tozott f\u00e9r\u0151hely miatt&nbsp; regisztr\u00e1ci\u00f3 sz\u00fcks\u00e9ges.<\/em><\/p>\n\n\n\n<p><strong>Aki az MVSZSZ-t\u0151l \u00e9rtes\u00fclt az esem\u00e9nyr\u0151l, vagy kapott megh\u00edv\u00f3t, k\u00e9rj\u00fck j\u00falius 27-ig jelezzen az&nbsp;<a href=\"mailto:info@mvszsz.hu\" target=\"_blank\" rel=\"noreferrer noopener\">info@mvszsz.hu<\/a>&nbsp;email c\u00edmre is!&nbsp;A t\u00e1rgyba \u00edrj\u00e1tok be: szoptat\u00e1s&nbsp;<\/strong><\/p>\n\n\n\n<p><strong>Szem\u00e9lyes jelenl\u00e9ttel:<\/strong><a href=\"https:\/\/docs.google.com\/forms\/d\/e\/1FAIpQLSfL5tdno7d6QNzAsWPdHyC99SmeFhBlR7PKbvxUGZ3ZIyuUdg\/viewform\" target=\"_blank\" rel=\"noreferrer noopener\">https:\/\/docs.google.com\/forms\/d\/e\/1FAIpQLSfL5tdno7d6QNzAsWPdHyC99SmeFhBlR7PKbvxUGZ3ZIyuUdg\/viewform<\/a><br><strong>Online r\u00e9szv\u00e9tellel:<\/strong><a href=\"https:\/\/docs.google.com\/forms\/d\/e\/1FAIpQLScEceDoH3RCxg9d7iI1-zvWHH9z00S9bFPRdWV2lU2edJlZ3w\/viewform\" target=\"_blank\" rel=\"noreferrer noopener\">https:\/\/docs.google.com\/forms\/d\/e\/1FAIpQLScEceDoH3RCxg9d7iI1-zvWHH9z00S9bFPRdWV2lU2edJlZ3w\/viewform<\/a><\/p>\n\n\n\n<p><strong>&nbsp;Jelentkez\u00e9si hat\u00e1rid\u0151:<\/strong>&nbsp;2024. j\u00falius 31. 12 \u00f3ra!<\/p>\n\n\n\n<p>A Szoptat\u00e1si Vil\u00e1gszervezet \/WABA\/&nbsp;2024 jelmondata,&nbsp; illetve a r\u00e9szletes anyag itt olvashat\u00f3:&nbsp;<a href=\"https:\/\/worldbreastfeedingweek.org\/\" target=\"_blank\" rel=\"noreferrer noopener\">https:\/\/worldbreastfeedingweek.org\/<\/a><\/p>\n\n\n\n<p>Magyar ford\u00edt\u00e1sa :&nbsp;&nbsp;<strong>Z\u00e1rjuk be a szakad\u00e9kokat&nbsp; &#8211;&nbsp;&nbsp;Szoptat\u00e1s T\u00e1mogat\u00e1s&nbsp;mindenkinek&nbsp;<\/strong><\/p>\n\n\n\n<p><em><strong>Szeretettel v\u00e1runk a Szoptat\u00e1s Vil\u00e1gnapi rendezv\u00e9nyen!<\/strong><\/em><\/p>\n\n\n\n<p><a href=\"https:\/\/www.mvszsz.hu\/docs\/meghivo_szoptatas_vilaghete_%2020240801_v5.pdf\" target=\"_blank\" rel=\"noreferrer noopener\"><em><strong>MEGH\u00cdV\u00d3<\/strong><\/em><\/a><br><a href=\"https:\/\/www.mvszsz.hu\/docs\/Vilaghet_tema.pdf\" target=\"_blank\" rel=\"noreferrer noopener\"><em><strong>SZ\u00d3R\u00d3LAP<\/strong><\/em><\/a><\/p>\n\n\n\n<p><a href=\"https:\/\/www.mvszsz.hu\/index.php\/hu\/194-augusztus-1-a-szoptatas-vilagnapja?tmpl=component&amp;print=1&amp;layout=default\"><\/a><\/p>\n","protected":false},"excerpt":{"rendered":"<p>Az&nbsp;MVSZSZ, a&nbsp;MAVE&nbsp;\u00e9s&nbsp;OKF\u0150&nbsp;szervez\u00e9s\u00e9ben megval\u00f3sul\u00f3 szoptat\u00e1si vil\u00e1gnapi rendezv\u00e9ny akkredit\u00e1lt tov\u00e1bbk\u00e9pz\u0151 konferencia keret\u00e9ben val\u00f3sul meg.&nbsp; &nbsp;Helysz\u00edn:&nbsp;D\u00e9l-Pesti Centrum K\u00f3rh\u00e1z&nbsp;Orsz\u00e1gos Hematol\u00f3giai \u00e9s Infektol\u00f3giai Int\u00e9zet&nbsp;Budapest, Albert Fl\u00f3ri\u00e1n \u00fat 5-7, 1097 (Szem\u00e9lyes \u00e9s online r\u00e9szv\u00e9telre van lehet\u0151s\u00e9g.) A r\u00e9szv\u00e9tel ingyenes, de a korl\u00e1tozott f\u00e9r\u0151hely miatt&nbsp; regisztr\u00e1ci\u00f3 sz\u00fcks\u00e9ges. Aki az MVSZSZ-t\u0151l \u00e9rtes\u00fclt az esem\u00e9nyr\u0151l, vagy kapott megh\u00edv\u00f3t, k\u00e9rj\u00fck&#8230; <a class=\"continue-reading-link\" href=\"https:\/\/www.szuletik.hu\/?p=416\">Cikk folytat\u00e1sa&#8230; <span class=\"meta-nav\">&rarr; <\/span><\/a><\/p>\n","protected":false},"author":1,"featured_media":420,"comment_status":"closed","ping_status":"open","sticky":false,"template":"","format":"standard","meta":{"footnotes":""},"categories":[4],"tags":[],"class_list":["post-416","post","type-post","status-publish","format-standard","has-post-thumbnail","hentry","category-hireink"],"_links":{"self":[{"href":"https:\/\/www.szuletik.hu\/index.php?rest_route=\/wp\/v2\/posts\/416","targetHints":{"allow":["GET"]}}],"collection":[{"href":"https:\/\/www.szuletik.hu\/index.php?rest_route=\/wp\/v2\/posts"}],"about":[{"href":"https:\/\/www.szuletik.hu\/index.php?rest_route=\/wp\/v2\/types\/post"}],"author":[{"embeddable":true,"href":"https:\/\/www.szuletik.hu\/index.php?rest_route=\/wp\/v2\/users\/1"}],"replies":[{"embeddable":true,"href":"https:\/\/www.szuletik.hu\/index.php?rest_route=%2Fwp%2Fv2%2Fcomments&post=416"}],"version-history":[{"count":4,"href":"https:\/\/www.szuletik.hu\/index.php?rest_route=\/wp\/v2\/posts\/416\/revisions"}],"predecessor-version":[{"id":424,"href":"https:\/\/www.szuletik.hu\/index.php?rest_route=\/wp\/v2\/posts\/416\/revisions\/424"}],"wp:featuredmedia":[{"embeddable":true,"href":"https:\/\/www.szuletik.hu\/index.php?rest_route=\/wp\/v2\/media\/420"}],"wp:attachment":[{"href":"https:\/\/www.szuletik.hu\/index.php?rest_route=%2Fwp%2Fv2%2Fmedia&parent=416"}],"wp:term":[{"taxonomy":"category","embeddable":true,"href":"https:\/\/www.szuletik.hu\/index.php?rest_route=%2Fwp%2Fv2%2Fcategories&post=416"},{"taxonomy":"post_tag","embeddable":true,"href":"https:\/\/www.szuletik.hu\/index.php?rest_route=%2Fwp%2Fv2%2Ftags&post=416"}],"curies":[{"name":"wp","href":"https:\/\/api.w.org\/{rel}","templated":true}]}}