{"id":445,"date":"2024-08-21T11:30:08","date_gmt":"2024-08-21T11:30:08","guid":{"rendered":"https:\/\/www.szuletik.hu\/?p=445"},"modified":"2024-08-27T11:35:32","modified_gmt":"2024-08-27T11:35:32","slug":"magyar-ezust-erdemkereszt-kituntetest-kapott-varfalvi-marianna","status":"publish","type":"post","link":"https:\/\/www.szuletik.hu\/?p=445","title":{"rendered":"Magyar Ez\u00fcst \u00c9rdemkereszt kit\u00fcntet\u00e9st kapott V\u00e1rfalvi Marianna"},"content":{"rendered":"\n<p><strong>Magyar Ez\u00fcst \u00c9rdemkereszt kit\u00fcntet\u00e9st kapott V\u00e1rfalvi Marianna,<\/strong>&nbsp;a Magyar V\u00e9d\u0151n\u0151k Szakmai Sz\u00f6vets\u00e9ge eln\u00f6ke, &#8220;a v\u00e9d\u0151n\u0151i szolg\u00e1lat fejleszt\u00e9s\u00e9t szolg\u00e1l\u00f3 sokoldal\u00fa p\u00e1ly\u00e1ja, valamint a szakmai \u00e9s civil szervezetek k\u00f6z\u00f6tti egy\u00fcttm\u0171k\u00f6d\u00e9s el\u0151seg\u00edt\u00e9se \u00e9rdek\u00e9ben v\u00e9gzett tev\u00e9kenys\u00e9ge elismer\u00e9sek\u00e9nt.&#8221;<\/p>\n\n\n\n<p>A kit\u00fcntet\u00e9st adom\u00e1nyozta:\u00a0<strong>Magyarorsz\u00e1g K\u00f6zt\u00e1rsas\u00e1gi Eln\u00f6ke<\/strong><br>\u00c1tadta:\u00a0<strong>Dr. Guly\u00e1s Gergely Minisztereln\u00f6ks\u00e9get\u00a0vezet\u0151 miniszter<\/strong><\/p>\n\n\n\n<!--more-->\n\n\n\n<figure class=\"wp-block-image\"><img decoding=\"async\" src=\"https:\/\/www.mvszsz.hu\/images\/VMek1.jpg\" alt=\"\"\/><\/figure>\n\n\n\n<figure class=\"wp-block-image\"><img decoding=\"async\" src=\"https:\/\/www.mvszsz.hu\/images\/VMek2.jpg\" alt=\"\"\/><\/figure>\n","protected":false},"excerpt":{"rendered":"<p>Magyar Ez\u00fcst \u00c9rdemkereszt kit\u00fcntet\u00e9st kapott V\u00e1rfalvi Marianna,&nbsp;a Magyar V\u00e9d\u0151n\u0151k Szakmai Sz\u00f6vets\u00e9ge eln\u00f6ke, &#8220;a v\u00e9d\u0151n\u0151i szolg\u00e1lat fejleszt\u00e9s\u00e9t szolg\u00e1l\u00f3 sokoldal\u00fa p\u00e1ly\u00e1ja, valamint a szakmai \u00e9s civil szervezetek k\u00f6z\u00f6tti egy\u00fcttm\u0171k\u00f6d\u00e9s el\u0151seg\u00edt\u00e9se \u00e9rdek\u00e9ben v\u00e9gzett tev\u00e9kenys\u00e9ge elismer\u00e9sek\u00e9nt.&#8221; A kit\u00fcntet\u00e9st adom\u00e1nyozta:\u00a0Magyarorsz\u00e1g K\u00f6zt\u00e1rsas\u00e1gi Eln\u00f6ke\u00c1tadta:\u00a0Dr. Guly\u00e1s Gergely Minisztereln\u00f6ks\u00e9get\u00a0vezet\u0151 miniszter<\/p>\n","protected":false},"author":1,"featured_media":446,"comment_status":"closed","ping_status":"open","sticky":false,"template":"","format":"standard","meta":{"footnotes":""},"categories":[4],"tags":[],"class_list":["post-445","post","type-post","status-publish","format-standard","has-post-thumbnail","hentry","category-hireink"],"_links":{"self":[{"href":"https:\/\/www.szuletik.hu\/index.php?rest_route=\/wp\/v2\/posts\/445","targetHints":{"allow":["GET"]}}],"collection":[{"href":"https:\/\/www.szuletik.hu\/index.php?rest_route=\/wp\/v2\/posts"}],"about":[{"href":"https:\/\/www.szuletik.hu\/index.php?rest_route=\/wp\/v2\/types\/post"}],"author":[{"embeddable":true,"href":"https:\/\/www.szuletik.hu\/index.php?rest_route=\/wp\/v2\/users\/1"}],"replies":[{"embeddable":true,"href":"https:\/\/www.szuletik.hu\/index.php?rest_route=%2Fwp%2Fv2%2Fcomments&post=445"}],"version-history":[{"count":1,"href":"https:\/\/www.szuletik.hu\/index.php?rest_route=\/wp\/v2\/posts\/445\/revisions"}],"predecessor-version":[{"id":447,"href":"https:\/\/www.szuletik.hu\/index.php?rest_route=\/wp\/v2\/posts\/445\/revisions\/447"}],"wp:featuredmedia":[{"embeddable":true,"href":"https:\/\/www.szuletik.hu\/index.php?rest_route=\/wp\/v2\/media\/446"}],"wp:attachment":[{"href":"https:\/\/www.szuletik.hu\/index.php?rest_route=%2Fwp%2Fv2%2Fmedia&parent=445"}],"wp:term":[{"taxonomy":"category","embeddable":true,"href":"https:\/\/www.szuletik.hu\/index.php?rest_route=%2Fwp%2Fv2%2Fcategories&post=445"},{"taxonomy":"post_tag","embeddable":true,"href":"https:\/\/www.szuletik.hu\/index.php?rest_route=%2Fwp%2Fv2%2Ftags&post=445"}],"curies":[{"name":"wp","href":"https:\/\/api.w.org\/{rel}","templated":true}]}}