{"id":448,"date":"2024-09-02T12:16:11","date_gmt":"2024-09-02T12:16:11","guid":{"rendered":"https:\/\/www.szuletik.hu\/?p=448"},"modified":"2024-10-27T16:50:47","modified_gmt":"2024-10-27T16:50:47","slug":"a-szoptatas-es-az-anyatejes-taplalas-vilagnapja","status":"publish","type":"post","link":"https:\/\/www.szuletik.hu\/?p=448","title":{"rendered":"A szoptat\u00e1s \u00e9s az anyatejes t\u00e1pl\u00e1l\u00e1s vil\u00e1gnapja"},"content":{"rendered":"\n<p><strong><em>A szoptat\u00e1s t\u00e1mogat\u00e1sa k\u00f6z\u00f6s c\u00e9lunk!<\/em><\/strong>&nbsp;&#8211; Tov\u00e1bbk\u00e9pz\u0151 konferencia<\/p>\n\n\n\n<p>Az al\u00e1bbi lej\u00e1tsz\u00e1si list\u00e1n megtekinthet\u0151 a&nbsp;<strong>konferencia<\/strong>&nbsp;<strong>7 el\u0151ad\u00e1sa:<\/strong><\/p>\n\n\n\n<!--more-->\n\n\n\n<figure class=\"wp-block-embed is-type-video is-provider-youtube wp-block-embed-youtube wp-embed-aspect-16-9 wp-has-aspect-ratio\"><div class=\"wp-block-embed__wrapper\">\n<iframe loading=\"lazy\" title=\"A szoptat\u00e1s \u00e9s az anyatejes t\u00e1pl\u00e1l\u00e1s vil\u00e1gnapja\" width=\"800\" height=\"450\" src=\"https:\/\/www.youtube.com\/embed\/videoseries?list=PLiz3e0bm2DEqPW-yO6GqIlg3z9V149nrF\" frameborder=\"0\" allow=\"accelerometer; autoplay; clipboard-write; encrypted-media; gyroscope; picture-in-picture; web-share\" referrerpolicy=\"strict-origin-when-cross-origin\" allowfullscreen><\/iframe>\n<\/div><\/figure>\n\n\n\n<ol class=\"wp-block-list\">\n<li><a href=\"https:\/\/youtu.be\/mvMeEDBUVCA?si=LWVqysJu7zSdXbps\" target=\"_blank\" rel=\"noreferrer noopener\">Dr. Szondi Zita f\u0151igazgat\u00f3 helyettes (OKF\u0150) k\u00f6sz\u00f6nt\u0151je<\/a><\/li>\n\n\n\n<li><a href=\"https:\/\/youtu.be\/G9VWk8m-frg?si=GNmY4NA8PLqU0tt8\" target=\"_blank\" rel=\"noreferrer noopener\"><strong>Dr. G\u00e1rdos L\u00e1szl\u00f3<\/strong>&nbsp;neonatol\u00f3gus , gyermekgy\u00f3gy\u00e1sz,SZTNB eln\u00f6ke:&nbsp;<em>\u201eKorai antig\u00e9n prezent\u00e1ci\u00f3, avagy az \u00e9let egy tanul\u00e1si folyamat\u201d<\/em><\/a><\/li>\n\n\n\n<li><a href=\"https:\/\/youtu.be\/AgtCTVIS4DY?si=W02G4X7jxTXf18mg\" target=\"_blank\" rel=\"noreferrer noopener\"><strong>Dr. V\u00e1rady Erzs\u00e9bet<\/strong>&nbsp;neonatol\u00f3gus, gyermekgy\u00f3gy\u00e1sz, nyugalmazott IBCLC:&nbsp;<em>\u201eA cs\u00e1sz\u00e1rmetsz\u00e9s r\u00f6vid- \u00e9s hossz\u00fat\u00e1v\u00fa hat\u00e1saiaz any\u00e1ra \u00e9s a gyermek\u00e9re\u201d<\/em><\/a><\/li>\n\n\n\n<li><a href=\"https:\/\/youtu.be\/qu5tdYf2Aqc?si=NSBCBjXwIYLndVIl\" target=\"_blank\" rel=\"noreferrer noopener\"><strong>Bressel-Klein Annam\u00e1ria<\/strong>&nbsp;v\u00e9d\u0151n\u0151, lakt\u00e1ci\u00f3s tan\u00e1csad\u00f3 IBCLC:&nbsp;<em>\u201eA szoptat\u00e1s emocion\u00e1lis hat\u00e1sai kor\u00e1bban \u00e9rkezett csecsem\u0151kn\u00e9l &#8211; a korasz\u00fcl\u00f6ttek anyatejes t\u00e1pl\u00e1l\u00e1sa\u201d<\/em><\/a><\/li>\n\n\n\n<li><a href=\"https:\/\/youtu.be\/isYIQ4HKSSY?si=GzItlTjqeCkBpvH2\" target=\"_blank\" rel=\"noreferrer noopener\"><strong>Dr. M\u00e1rkus Anita<\/strong>&nbsp;neonatol\u00f3gus, gyermekgy\u00f3gy\u00e1sz, lakt\u00e1ci\u00f3s tan\u00e1csad\u00f3 IBCLC:&nbsp;<em>\u201eS\u00e1rgas\u00e1g \u00e9s szoptat\u00e1s, megel\u0151z\u00e9s \u00e9s szoptat\u00e1s t\u00e1mogat\u00e1s&#8221;<\/em><\/a><\/li>\n\n\n\n<li><a href=\"https:\/\/youtu.be\/mXmzqZli-hU?si=cpkfekvkuZOTLiXm\" target=\"_blank\" rel=\"noreferrer noopener\"><strong>\u00d6rd\u00f6gh Csilla<\/strong>&nbsp;pszichol\u00f3gus, perinat\u00e1lis szaktan\u00e1csad\u00f3, pszichodr\u00e1ma asszisztens:&nbsp;<em>\u201eA szoptat\u00e1si f\u00e1jdalom testi \u00e9s pszich\u00e9s vet\u00fcletei\u201d<\/em><\/a><\/li>\n\n\n\n<li><a href=\"https:\/\/youtu.be\/oWzgdE1d9OU?si=RcLoBQwjO2P-XCHR\" target=\"_blank\" rel=\"noreferrer noopener\"><strong>Dr. Dombi Anna Zs\u00f3fia&nbsp;<\/strong>klinikai szakorvos:&nbsp;<em>\u201eIkrek szoptat\u00e1s t\u00e1mogat\u00e1s\u00e1nak kih\u00edv\u00e1sai, lehet\u0151s\u00e9gei\u201d<\/em><\/a><\/li>\n\n\n\n<li><a href=\"https:\/\/youtu.be\/oWzgdE1d9OU?si=RcLoBQwjO2P-XCHR\" target=\"_blank\" rel=\"noreferrer noopener\"><strong>Hugyecz Marietta<\/strong>&nbsp;okleveles biol\u00f3gia \u00e9s eg\u00e9szs\u00e9gtan tan\u00e1r, biol\u00f3gus, kutat\u00f3, min\u0151s\u00e9gb\u00edztos\u00edt\u00f3, \u00f6nk\u00e9ntes szoptat\u00e1si seg\u00edt\u0151 \u00e9s d\u00fala:&nbsp;<em>\u201eA mastitis spektrum &#8211; \u00fajdons\u00e1gok a mellgyullad\u00e1s kezel\u00e9s\u00e9ben\u201d<\/em><\/a><\/li>\n<\/ol>\n","protected":false},"excerpt":{"rendered":"<p>A szoptat\u00e1s t\u00e1mogat\u00e1sa k\u00f6z\u00f6s c\u00e9lunk!&nbsp;&#8211; Tov\u00e1bbk\u00e9pz\u0151 konferencia Az al\u00e1bbi lej\u00e1tsz\u00e1si list\u00e1n megtekinthet\u0151 a&nbsp;konferencia&nbsp;7 el\u0151ad\u00e1sa:<\/p>\n","protected":false},"author":1,"featured_media":449,"comment_status":"closed","ping_status":"open","sticky":false,"template":"","format":"standard","meta":{"footnotes":""},"categories":[4],"tags":[],"class_list":["post-448","post","type-post","status-publish","format-standard","has-post-thumbnail","hentry","category-hireink"],"_links":{"self":[{"href":"https:\/\/www.szuletik.hu\/index.php?rest_route=\/wp\/v2\/posts\/448","targetHints":{"allow":["GET"]}}],"collection":[{"href":"https:\/\/www.szuletik.hu\/index.php?rest_route=\/wp\/v2\/posts"}],"about":[{"href":"https:\/\/www.szuletik.hu\/index.php?rest_route=\/wp\/v2\/types\/post"}],"author":[{"embeddable":true,"href":"https:\/\/www.szuletik.hu\/index.php?rest_route=\/wp\/v2\/users\/1"}],"replies":[{"embeddable":true,"href":"https:\/\/www.szuletik.hu\/index.php?rest_route=%2Fwp%2Fv2%2Fcomments&post=448"}],"version-history":[{"count":4,"href":"https:\/\/www.szuletik.hu\/index.php?rest_route=\/wp\/v2\/posts\/448\/revisions"}],"predecessor-version":[{"id":465,"href":"https:\/\/www.szuletik.hu\/index.php?rest_route=\/wp\/v2\/posts\/448\/revisions\/465"}],"wp:featuredmedia":[{"embeddable":true,"href":"https:\/\/www.szuletik.hu\/index.php?rest_route=\/wp\/v2\/media\/449"}],"wp:attachment":[{"href":"https:\/\/www.szuletik.hu\/index.php?rest_route=%2Fwp%2Fv2%2Fmedia&parent=448"}],"wp:term":[{"taxonomy":"category","embeddable":true,"href":"https:\/\/www.szuletik.hu\/index.php?rest_route=%2Fwp%2Fv2%2Fcategories&post=448"},{"taxonomy":"post_tag","embeddable":true,"href":"https:\/\/www.szuletik.hu\/index.php?rest_route=%2Fwp%2Fv2%2Ftags&post=448"}],"curies":[{"name":"wp","href":"https:\/\/api.w.org\/{rel}","templated":true}]}}