{"id":453,"date":"2024-09-07T11:29:52","date_gmt":"2024-09-07T11:29:52","guid":{"rendered":"https:\/\/www.szuletik.hu\/?p=453"},"modified":"2024-09-07T11:30:36","modified_gmt":"2024-09-07T11:30:36","slug":"eletvedo-felvonulas","status":"publish","type":"post","link":"https:\/\/www.szuletik.hu\/?p=453","title":{"rendered":"\u00c9letv\u00e9d\u0151 felvonul\u00e1s"},"content":{"rendered":"\n<p><strong>A \u201eMindenki Sz\u00fclet\u00e9snapja Alap\u00edtv\u00e1ny\u201d szervez\u00e9s\u00e9ben 2024. szeptember 21-\u00e9n 14 \u00f3r\u00e1t\u00f3l Budapesten \u00e9letv\u00e9d\u0151 felvonul\u00e1s lesz, amelyhez v\u00e1rjuk r\u00e9szv\u00e9teledet.&nbsp;<\/strong><strong>A s\u00e9ta Budapesten az Erzs\u00e9bet t\u00e9rt\u0151l a L\u00e1nch\u00eddon \u00e1t a Tab\u00e1nig lesz. R\u00e9szletek a sz\u00f3r\u00f3lapon.&nbsp;<\/strong><\/p>\n\n\n\n<p>Nagy \u00f6r\u00f6mmel sz\u00e1molunk be arr\u00f3l, hogy \u00fajabb nagyszab\u00e1s\u00fa \u00e9letv\u0151 kezdem\u00e9nyez\u00e9s indul \u00fatj\u00e1ra Magyarorsz\u00e1gon!<\/p>\n\n\n\n<p>A \u201eMindenki Sz\u00fclet\u00e9snapja Alap\u00edtv\u00e1ny\u201d szervez\u00e9s\u00e9ben 2024. szeptember 21-\u00e9n 14 \u00f3r\u00e1t\u00f3l Budapesten \u00e9letv\u00e9d\u0151 felvonul\u00e1s veszi kezdet\u00e9t. A s\u00e9ta az Erzs\u00e9bet t\u00e9rt\u0151l a L\u00e1nch\u00eddon \u00e1t a Tab\u00e1nig tart majd, ahol az esem\u00e9nyt k\u00f6z\u00f6s sz\u00fclet\u00e9snapi tort\u00e1z\u00e1ssal z\u00e1rjuk!<\/p>\n\n\n\n<p>A kezdem\u00e9nyez\u00e9s mott\u00f3ja:&nbsp;<strong>Legyen mindenkinek sz\u00fclet\u00e9snapja!<\/strong><\/p>\n\n\n\n<!--more-->\n\n\n\n<p>Az \u00f6tletgazd\u00e1k sz\u00e1mos \u00e9letv\u00e9d\u0151 szervezettel \u00e9s mag\u00e1nszem\u00e9llyel \u00f6sszhangban \u00e9s egy\u00fcttm\u0171k\u00f6d\u00e9sben a sz\u00e9les nyilv\u00e1noss\u00e1g sz\u00e1m\u00e1ra szeretn\u00e9k eljuttatni \u00e9letigenl\u0151 \u00fczenet\u00fcket.<\/p>\n\n\n\n<p><em><strong>A s\u00e9t\u00e1n r\u00e9szt vesz \u00e9s felsz\u00f3lal:<\/strong><\/em>&nbsp;&nbsp;B\u00f6jte Csaba, Lackfi J\u00e1nos, dr. D\u00e9k\u00e1ny \u00c1gnes<br><em><strong>Az esem\u00e9ny nagyk\u00f6vete:<\/strong><\/em>&nbsp;dr. Cs\u00f3kay Andr\u00e1s<br><em><strong>Az esem\u00e9ny f\u0151v\u00e9dn\u00f6kei:<\/strong>&nbsp;<\/em>Keresztes Ilona, Frivaldszky Edit, F\u00f6ldi-Kov\u00e1cs Andrea, M\u00f3cz\u00e1r G\u00e1bor&nbsp;<\/p>\n\n\n\n<p><strong>A&nbsp;<em>Legyen mindenkinek sz\u00fclet\u00e9snapja!&nbsp;<\/em><\/strong><em>&#8211;&nbsp;<\/em>&nbsp;felvonul\u00e1s r\u00e9sztvev\u0151i vallj\u00e1k, hogy minden emberi \u00e9let \u00e9rt\u00e9kes, megism\u00e9telhetetlen \u00e9s v\u00e9dend\u0151 a fogantat\u00e1st\u00f3l a term\u00e9szetes hal\u00e1lig.<\/p>\n\n\n\n<p>Meggy\u0151z\u0151d\u00e9s\u00fcnk, hogy minden megfogant gyermeknek es\u00e9lyt kell kapnia arra, hogy megsz\u00fclethessen.<br>Az\u00e9rt indultunk el egy\u00fctt, mert egy olyan j\u00f6v\u0151beni vil\u00e1got k\u00e9pzel\u00fcnk el, ahol minden egyes emberi \u00e9let sz\u00e9ps\u00e9g\u00e9t \u00e9s m\u00e9lt\u00f3s\u00e1g\u00e1t \u00e9rt\u00e9kelik \u00e9s v\u00e9dik. \u00c9s az\u00e9rt, hogy mozg\u00f3s\u00edtsuk az \u00e9letp\u00e1rti embereket a k\u00f6z\u00e9letben!<\/p>\n\n\n\n<p>Mindenkit h\u00edvunk \u00e9s v\u00e1runk, hogy vegyen r\u00e9szt vel\u00fcnk egy\u00fctt a s\u00e9t\u00e1n, terjessze az esem\u00e9nyt a k\u00f6z\u00f6ss\u00e9g\u00e9n, szervezet\u00e9n bel\u00fcl! H\u00edvjon meg m\u00e1sokat is a rendezv\u00e9nyre!<br>Tal\u00e1lkozzunk szeptember 21-\u00e9n szombaton 14 \u00f3rakor az Erzs\u00e9bet t\u00e9ren!<\/p>\n\n\n\n<p>(B\u0151vebb inform\u00e1ci\u00f3 a&nbsp;<a href=\"https:\/\/www.facebook.com\/profile.php?id=61559396950544&amp;paipv=0&amp;eav=AfYbz8CH3uCmpc_iFq7W2uL83lNioK9t9ipDdJhb7B2shxePLHqQaM1f0rT8lTp5Ixk\" target=\"_blank\" rel=\"noreferrer noopener\">Mindenki Sz\u00fclet\u00e9snapja facebook oldal<\/a>\u00e1n \u00e9s a&nbsp;<a href=\"http:\/\/mindenkiszuletesnapja.hu\/\">mindenkiszuletesnapja.hu<\/a>&nbsp;oldalon.)&nbsp;<\/p>\n\n\n\n<p>Csatoljuk tov\u00e1bb\u00e1 az esem\u00e9ny facebook oldal\u00e1t, ahol a szervez\u0151knek a r\u00e9szv\u00e9teli sz\u00e1nd\u00e9kot jelezni lehet:&nbsp;<a href=\"https:\/\/www.facebook.com\/share\/16xRDDqzvdzSdk8S\/\">https:\/\/www.facebook.com\/share\/16xRDDqzvdzSdk8S\/<\/a><a href=\"https:\/\/www.facebook.com\/events\/439864645630193\/?__cft__%5b0%5d=AZWJ4tPRc24uibD3b6DaVM6KhQOTbc9gjPSlhKVG4Ucn36V0-6nKbEetWtAi1hQc1NfXXoPi9t0WVjCsUUMiRIwictvSzR13i0i3l8POhuwDiMCElplfN0mwniY2NDddbBIvezZU31AGQThionopb-2I5e6Z-p58M8ANZhjagUSuKDP0bbaSsPmG4MQ7swZ-eAni4hP1Gjz729ig8zm9iocr8YADEf-bHK7x9sJK66vc8g&amp;__tn__=-UK-R\"><\/a><\/p>\n\n\n\n<hr class=\"wp-block-separator has-alpha-channel-opacity\"\/>\n\n\n\n<p><img loading=\"lazy\" decoding=\"async\" width=\"32\" height=\"32\" class=\"wp-image-309\" style=\"width: 32px;\" src=\"http:\/\/www.szuletik.hu\/wp-content\/uploads\/2023\/05\/pdf64.png\" alt=\"\"><a href=\"https:\/\/www.mvszsz.hu\/docs\/mindenki_szuletesnapja_menetrend.pdf\" target=\"_blank\" rel=\"noreferrer noopener\"><strong>\u00a0MENETREND<\/strong><\/a><\/p>\n\n\n\n<p><a href=\"https:\/\/www.mvszsz.hu\/index.php\/hu\/202-eletvedo-felvonulas?tmpl=component&amp;print=1&amp;layout=default\"><\/a><\/p>\n\n\n\n<p><\/p>\n","protected":false},"excerpt":{"rendered":"<p>A \u201eMindenki Sz\u00fclet\u00e9snapja Alap\u00edtv\u00e1ny\u201d szervez\u00e9s\u00e9ben 2024. szeptember 21-\u00e9n 14 \u00f3r\u00e1t\u00f3l Budapesten \u00e9letv\u00e9d\u0151 felvonul\u00e1s lesz, amelyhez v\u00e1rjuk r\u00e9szv\u00e9teledet.&nbsp;A s\u00e9ta Budapesten az Erzs\u00e9bet t\u00e9rt\u0151l a L\u00e1nch\u00eddon \u00e1t a Tab\u00e1nig lesz. R\u00e9szletek a sz\u00f3r\u00f3lapon.&nbsp; Nagy \u00f6r\u00f6mmel sz\u00e1molunk be arr\u00f3l, hogy \u00fajabb nagyszab\u00e1s\u00fa \u00e9letv\u0151 kezdem\u00e9nyez\u00e9s indul \u00fatj\u00e1ra Magyarorsz\u00e1gon! A \u201eMindenki Sz\u00fclet\u00e9snapja Alap\u00edtv\u00e1ny\u201d szervez\u00e9s\u00e9ben 2024&#8230;. <a class=\"continue-reading-link\" href=\"https:\/\/www.szuletik.hu\/?p=453\">Cikk folytat\u00e1sa&#8230; <span class=\"meta-nav\">&rarr; <\/span><\/a><\/p>\n","protected":false},"author":1,"featured_media":454,"comment_status":"closed","ping_status":"open","sticky":false,"template":"","format":"standard","meta":{"footnotes":""},"categories":[4],"tags":[],"class_list":["post-453","post","type-post","status-publish","format-standard","has-post-thumbnail","hentry","category-hireink"],"_links":{"self":[{"href":"https:\/\/www.szuletik.hu\/index.php?rest_route=\/wp\/v2\/posts\/453","targetHints":{"allow":["GET"]}}],"collection":[{"href":"https:\/\/www.szuletik.hu\/index.php?rest_route=\/wp\/v2\/posts"}],"about":[{"href":"https:\/\/www.szuletik.hu\/index.php?rest_route=\/wp\/v2\/types\/post"}],"author":[{"embeddable":true,"href":"https:\/\/www.szuletik.hu\/index.php?rest_route=\/wp\/v2\/users\/1"}],"replies":[{"embeddable":true,"href":"https:\/\/www.szuletik.hu\/index.php?rest_route=%2Fwp%2Fv2%2Fcomments&post=453"}],"version-history":[{"count":2,"href":"https:\/\/www.szuletik.hu\/index.php?rest_route=\/wp\/v2\/posts\/453\/revisions"}],"predecessor-version":[{"id":456,"href":"https:\/\/www.szuletik.hu\/index.php?rest_route=\/wp\/v2\/posts\/453\/revisions\/456"}],"wp:featuredmedia":[{"embeddable":true,"href":"https:\/\/www.szuletik.hu\/index.php?rest_route=\/wp\/v2\/media\/454"}],"wp:attachment":[{"href":"https:\/\/www.szuletik.hu\/index.php?rest_route=%2Fwp%2Fv2%2Fmedia&parent=453"}],"wp:term":[{"taxonomy":"category","embeddable":true,"href":"https:\/\/www.szuletik.hu\/index.php?rest_route=%2Fwp%2Fv2%2Fcategories&post=453"},{"taxonomy":"post_tag","embeddable":true,"href":"https:\/\/www.szuletik.hu\/index.php?rest_route=%2Fwp%2Fv2%2Ftags&post=453"}],"curies":[{"name":"wp","href":"https:\/\/api.w.org\/{rel}","templated":true}]}}