{"id":492,"date":"2025-01-27T12:58:09","date_gmt":"2025-01-27T12:58:09","guid":{"rendered":"https:\/\/www.szuletik.hu\/?p=492"},"modified":"2025-01-27T12:58:09","modified_gmt":"2025-01-27T12:58:09","slug":"a-vedonoi-szolgalat-hungarikum","status":"publish","type":"post","link":"https:\/\/www.szuletik.hu\/?p=492","title":{"rendered":"A V\u00e9d\u0151n\u0151i Szolg\u00e1lat Hungarikum"},"content":{"rendered":"\n<p>\u201eA V\u00e9d\u0151n\u0151i Szolg\u00e1lat Hungarikum\u201d c\u00edm\u0171 filmet mutatott be a Kopp M\u00e1ria Int\u00e9zet a N\u00e9pesed\u00e9s\u00e9rt \u00e9s a Csal\u00e1dok\u00e9rt, KINCS \u00e9s a Magyar V\u00e9d\u0151n\u0151k Szakmai Sz\u00f6vets\u00e9ge. A 17 perces riportfilmet a V\u00e9d\u0151n\u0151k\u00e9rt, \u00faj sz\u00fcl\u0151k \u00e9s \u00fajsz\u00fcl\u00f6ttek\u00e9rt Alap\u00edtv\u00e1ny p\u00e1ly\u00e1zati forr\u00e1s\u00e1b\u00f3l a Magyar V\u00e9d\u0151n\u0151k Szakmai Sz\u00f6vets\u00e9ge k\u00e9sz\u00edtette.&nbsp;<\/p>\n\n\n\n<p>A filmmel&nbsp;c\u00e9lunk, hogy \u00f6sszefoglaljuk az 1915-ben alap\u00edtott \u00e9s 2015-ben Hungarikumk\u00e9nt bejegyzett V\u00e9d\u0151n\u0151i Szolg\u00e1lat szakmai tev\u00e9kenys\u00e9g\u00e9t,&nbsp; korszakait,&nbsp; szervezeti rendszer\u00e9t, a v\u00e9d\u0151n\u0151k\u00e9pz\u00e9st. A filmet hazai \u00e9s nemzetk\u00f6zi f\u00f3rumokon, iskol\u00e1kban, fels\u0151oktat\u00e1si k\u00e9pz\u0151helyeken, sz\u00e9les lakoss\u00e1gi k\u00f6rben, szakmai konferenci\u00e1kon lehet lej\u00e1tszani az al\u00e1bbi linkekr\u0151l:&nbsp;<\/p>\n\n\n\n<p>Felemel\u0151 \u00e9lm\u00e9ny volt! H\u00e1l\u00e1s k\u00f6sz\u00f6net a v\u00e9d\u0151n\u0151k nev\u00e9ben a KINCS eln\u00f6k\u00e9nek, F\u0171r\u00e9sz T\u00fcnd\u00e9nek, hogy lehet\u0151v\u00e9 tette \u00e9s megszervezte a film bemutat\u00f3j\u00e1t. K\u00f6sz\u00f6nj\u00fck Dr. R\u00e9tv\u00e1ri Bence miniszterhelyettes \u00far (BM), Dr. Koncz Zs\u00f3fia .csal\u00e1dok\u00e9rt felel\u0151s \u00e1llamtitk\u00e1r asszony (KIM) \u00e9s F\u0171r\u00e9sz T\u00fcnde eln\u00f6k asszony &#8211; a v\u00e9d\u0151n\u0151i szolg\u00e1latot m\u00e9ltat\u00f3 &#8211; szavait, \u00e9s k\u00f6sz\u00f6nj\u00fck Dr. Dukai Mikl\u00f3s \u00f6nkorm\u00e1nyzatok\u00e9rt felel\u0151s \u00e1llamtitk\u00e1r \u00far \u00e9rdekl\u0151d\u0151 r\u00e9szv\u00e9tel\u00e9t, amellyel emelt\u00e9k az esem\u00e9ny \u00e9s a v\u00e9d\u0151n\u0151i szolg\u00e1lat \u00e9rt\u00e9k\u00e9t. Meger\u0151s\u00edtett\u00fck a Sz\u00f6vets\u00e9get a csal\u00e1dok boldogul\u00e1s\u00e1\u00e9rt, \u00e9s j\u00f6v\u0151j\u00e9\u00e9rt!&nbsp;<\/p>\n\n\n\n<figure class=\"wp-block-embed is-type-video is-provider-youtube wp-block-embed-youtube wp-embed-aspect-16-9 wp-has-aspect-ratio\"><div class=\"wp-block-embed__wrapper\">\n<iframe loading=\"lazy\" title=\"A Ve\u0301do\u030bno\u030bi Szolga\u0301lat Hungarikum\" width=\"800\" height=\"450\" src=\"https:\/\/www.youtube.com\/embed\/8eIhAQDhnCE?feature=oembed\" frameborder=\"0\" allow=\"accelerometer; autoplay; clipboard-write; encrypted-media; gyroscope; picture-in-picture; web-share\" referrerpolicy=\"strict-origin-when-cross-origin\" allowfullscreen><\/iframe>\n<\/div><\/figure>\n\n\n\n<p>angol feliratoz\u00e1ssal az al\u00e1bbi linken. :&nbsp;<\/p>\n\n\n\n<figure class=\"wp-block-embed is-type-video is-provider-youtube wp-block-embed-youtube wp-embed-aspect-16-9 wp-has-aspect-ratio\"><div class=\"wp-block-embed__wrapper\">\n<iframe loading=\"lazy\" title=\"The Health Visitor System is a Hungaricum\" width=\"800\" height=\"450\" src=\"https:\/\/www.youtube.com\/embed\/oCKQBzC8oDM?feature=oembed\" frameborder=\"0\" allow=\"accelerometer; autoplay; clipboard-write; encrypted-media; gyroscope; picture-in-picture; web-share\" referrerpolicy=\"strict-origin-when-cross-origin\" allowfullscreen><\/iframe>\n<\/div><\/figure>\n\n\n\n<p>r\u00f6vid el\u0151zetes:&nbsp;<\/p>\n\n\n\n<figure class=\"wp-block-embed is-type-video is-provider-youtube wp-block-embed-youtube wp-embed-aspect-16-9 wp-has-aspect-ratio\"><div class=\"wp-block-embed__wrapper\">\n<iframe loading=\"lazy\" title=\"A Ve\u0301do\u030bno\u030bi Szolga\u0301lat Hungarikum, beharangoz\u00f3.\" width=\"800\" height=\"450\" src=\"https:\/\/www.youtube.com\/embed\/Bfb8xp0fecc?feature=oembed\" frameborder=\"0\" allow=\"accelerometer; autoplay; clipboard-write; encrypted-media; gyroscope; picture-in-picture; web-share\" referrerpolicy=\"strict-origin-when-cross-origin\" allowfullscreen><\/iframe>\n<\/div><\/figure>\n","protected":false},"excerpt":{"rendered":"<p>\u201eA V\u00e9d\u0151n\u0151i Szolg\u00e1lat Hungarikum\u201d c\u00edm\u0171 filmet mutatott be a Kopp M\u00e1ria Int\u00e9zet a N\u00e9pesed\u00e9s\u00e9rt \u00e9s a Csal\u00e1dok\u00e9rt, KINCS \u00e9s a Magyar V\u00e9d\u0151n\u0151k Szakmai Sz\u00f6vets\u00e9ge. A 17 perces riportfilmet a V\u00e9d\u0151n\u0151k\u00e9rt, \u00faj sz\u00fcl\u0151k \u00e9s \u00fajsz\u00fcl\u00f6ttek\u00e9rt Alap\u00edtv\u00e1ny p\u00e1ly\u00e1zati forr\u00e1s\u00e1b\u00f3l a Magyar V\u00e9d\u0151n\u0151k Szakmai Sz\u00f6vets\u00e9ge k\u00e9sz\u00edtette.&nbsp; A filmmel&nbsp;c\u00e9lunk, hogy \u00f6sszefoglaljuk az 1915-ben alap\u00edtott&#8230; <a class=\"continue-reading-link\" href=\"https:\/\/www.szuletik.hu\/?p=492\">Cikk folytat\u00e1sa&#8230; <span class=\"meta-nav\">&rarr; <\/span><\/a><\/p>\n","protected":false},"author":1,"featured_media":493,"comment_status":"closed","ping_status":"open","sticky":false,"template":"","format":"standard","meta":{"footnotes":""},"categories":[4],"tags":[],"class_list":["post-492","post","type-post","status-publish","format-standard","has-post-thumbnail","hentry","category-hireink"],"_links":{"self":[{"href":"https:\/\/www.szuletik.hu\/index.php?rest_route=\/wp\/v2\/posts\/492","targetHints":{"allow":["GET"]}}],"collection":[{"href":"https:\/\/www.szuletik.hu\/index.php?rest_route=\/wp\/v2\/posts"}],"about":[{"href":"https:\/\/www.szuletik.hu\/index.php?rest_route=\/wp\/v2\/types\/post"}],"author":[{"embeddable":true,"href":"https:\/\/www.szuletik.hu\/index.php?rest_route=\/wp\/v2\/users\/1"}],"replies":[{"embeddable":true,"href":"https:\/\/www.szuletik.hu\/index.php?rest_route=%2Fwp%2Fv2%2Fcomments&post=492"}],"version-history":[{"count":1,"href":"https:\/\/www.szuletik.hu\/index.php?rest_route=\/wp\/v2\/posts\/492\/revisions"}],"predecessor-version":[{"id":494,"href":"https:\/\/www.szuletik.hu\/index.php?rest_route=\/wp\/v2\/posts\/492\/revisions\/494"}],"wp:featuredmedia":[{"embeddable":true,"href":"https:\/\/www.szuletik.hu\/index.php?rest_route=\/wp\/v2\/media\/493"}],"wp:attachment":[{"href":"https:\/\/www.szuletik.hu\/index.php?rest_route=%2Fwp%2Fv2%2Fmedia&parent=492"}],"wp:term":[{"taxonomy":"category","embeddable":true,"href":"https:\/\/www.szuletik.hu\/index.php?rest_route=%2Fwp%2Fv2%2Fcategories&post=492"},{"taxonomy":"post_tag","embeddable":true,"href":"https:\/\/www.szuletik.hu\/index.php?rest_route=%2Fwp%2Fv2%2Ftags&post=492"}],"curies":[{"name":"wp","href":"https:\/\/api.w.org\/{rel}","templated":true}]}}