{"id":495,"date":"2025-01-27T14:24:21","date_gmt":"2025-01-27T14:24:21","guid":{"rendered":"https:\/\/www.szuletik.hu\/?p=495"},"modified":"2025-01-27T14:30:11","modified_gmt":"2025-01-27T14:30:11","slug":"a-magyar-tudomany-unnepe","status":"publish","type":"post","link":"https:\/\/www.szuletik.hu\/?p=495","title":{"rendered":"A MAGYAR TUDOM\u00c1NY \u00dcNNEPE"},"content":{"rendered":"\n<p><strong>Debreceni Egyetem ETK esem\u00e9ny sor\u00e1ban hirdetj\u00fck&nbsp;meg a&nbsp;<\/strong>II. \u201eInnov\u00e1ci\u00f3s lehet\u0151s\u00e9gek \u00e9s aktualit\u00e1sok az iskolav\u00e9d\u0151n\u0151i ell\u00e1t\u00e1sban\u201d c\u00edm\u0171, 13 pontra&nbsp;akkredit\u00e1lt konferenci\u00e1t. Ny\u00edregyh\u00e1z\u00e1n, 2024.11. 20-\u00e1n&nbsp;<\/p>\n\n\n\n<p>V\u00e1rjuk a jelentkez\u0151ket, r\u00e9sztvev\u0151ket: a Magyar V\u00e9d\u0151n\u0151k Szakmai Sz\u00f6vets\u00e9ge&nbsp;<\/p>\n\n\n\n<p><strong><a href=\"https:\/\/www.mvszsz.hu\/images\/docs\/PROGRAM-MEGHIVO_%20iskolaeu.pdf\" target=\"_blank\" rel=\"noreferrer noopener\"><br><img loading=\"lazy\" decoding=\"async\" width=\"24\" height=\"24\" class=\"wp-image-308\" style=\"width: 24px;\" src=\"http:\/\/www.szuletik.hu\/wp-content\/uploads\/2023\/05\/pdf.png\" alt=\"\">\u00a0MEGH\u00cdV\u00d3<\/a><\/strong><\/p>\n\n\n\n<figure class=\"wp-block-image\"><img decoding=\"async\" src=\"https:\/\/www.mvszsz.hu\/images\/MTU-logo-2023_hun.png\" alt=\"\"\/><\/figure>\n\n\n\n<p>Felh\u00edv\u00e1s \u00e9s regisztr\u00e1ci\u00f3:&nbsp;<\/p>\n\n\n\n<p><a href=\"https:\/\/konferencia.unideb.hu\/innovacios-lehetosegek-es-aktualitasok\">https:\/\/konferencia.unideb.hu\/innovacios-lehetosegek-es-aktualitasok<\/a><\/p>\n\n\n\n<p>Az el\u0151ad\u00e1sokr\u00f3l k\u00e9sz\u00fclt hangfelv\u00e9telek:<\/p>\n\n\n\n<div class=\"wp-block-columns is-layout-flex wp-container-core-columns-is-layout-9d6595d7 wp-block-columns-is-layout-flex\">\n<div class=\"wp-block-column is-layout-flow wp-block-column-is-layout-flow\" style=\"flex-basis:33.33%\">\n<p>0. K\u00f6sz\u00f6nt\u0151k<\/p>\n<\/div>\n\n\n\n<div class=\"wp-block-column is-layout-flow wp-block-column-is-layout-flow\" style=\"flex-basis:66.66%\">\n<figure class=\"wp-block-audio\"><audio controls src=\"http:\/\/www.szuletik.hu\/wp-content\/uploads\/2025\/01\/00-MTU2024-koszontok.mp3\"><\/audio><\/figure>\n<\/div>\n<\/div>\n\n\n\n<div class=\"wp-block-columns is-layout-flex wp-container-core-columns-is-layout-9d6595d7 wp-block-columns-is-layout-flex\">\n<div class=\"wp-block-column is-layout-flow wp-block-column-is-layout-flow\" style=\"flex-basis:33.33%\">\n<p>1. &#8211; R\u00f6szer Tam\u00e1s<\/p>\n<\/div>\n\n\n\n<div class=\"wp-block-column is-layout-flow wp-block-column-is-layout-flow\" style=\"flex-basis:66.66%\">\n<figure class=\"wp-block-audio\"><audio controls src=\"http:\/\/www.szuletik.hu\/wp-content\/uploads\/2025\/01\/01-MTU2024-Roszer-Tamas.mp3\"><\/audio><\/figure>\n<\/div>\n<\/div>\n\n\n\n<div class=\"wp-block-columns is-layout-flex wp-container-core-columns-is-layout-9d6595d7 wp-block-columns-is-layout-flex\">\n<div class=\"wp-block-column is-layout-flow wp-block-column-is-layout-flow\" style=\"flex-basis:33.33%\">\n<p>2. &#8211;\u00a0V\u00e1rfalvi Marianna<\/p>\n<\/div>\n\n\n\n<div class=\"wp-block-column is-layout-flow wp-block-column-is-layout-flow\" style=\"flex-basis:66.66%\">\n<figure class=\"wp-block-audio\"><audio controls src=\"http:\/\/www.szuletik.hu\/wp-content\/uploads\/2025\/01\/02-MTU2024-Varfalvi-Marianna.mp3\"><\/audio><\/figure>\n<\/div>\n<\/div>\n\n\n\n<div class=\"wp-block-columns is-layout-flex wp-container-core-columns-is-layout-9d6595d7 wp-block-columns-is-layout-flex\">\n<div class=\"wp-block-column is-layout-flow wp-block-column-is-layout-flow\" style=\"flex-basis:33.33%\">\n<p>3. &#8211; Mezei \u00c9va<\/p>\n<\/div>\n\n\n\n<div class=\"wp-block-column is-layout-flow wp-block-column-is-layout-flow\" style=\"flex-basis:66.66%\">\n<figure class=\"wp-block-audio\"><audio controls src=\"http:\/\/www.szuletik.hu\/wp-content\/uploads\/2025\/01\/03-MTU2024-Mezei-Eva.mp3\"><\/audio><\/figure>\n<\/div>\n<\/div>\n\n\n\n<div class=\"wp-block-columns is-layout-flex wp-container-core-columns-is-layout-9d6595d7 wp-block-columns-is-layout-flex\">\n<div class=\"wp-block-column is-layout-flow wp-block-column-is-layout-flow\" style=\"flex-basis:33.33%\">\n<p>4. &#8211;\u00a0\u00dajhelyi J\u00e1nos<\/p>\n<\/div>\n\n\n\n<div class=\"wp-block-column is-layout-flow wp-block-column-is-layout-flow\" style=\"flex-basis:66.66%\">\n<figure class=\"wp-block-audio\"><audio controls src=\"http:\/\/www.szuletik.hu\/wp-content\/uploads\/2025\/01\/04-MTU2024-Ujhelyi-Janos.mp3\"><\/audio><\/figure>\n<\/div>\n<\/div>\n\n\n\n<div class=\"wp-block-columns is-layout-flex wp-container-core-columns-is-layout-9d6595d7 wp-block-columns-is-layout-flex\">\n<div class=\"wp-block-column is-layout-flow wp-block-column-is-layout-flow\" style=\"flex-basis:33.33%\">\n<p>5. &#8211;\u00a0Guly\u00e1s G\u00e1bor<\/p>\n<\/div>\n\n\n\n<div class=\"wp-block-column is-layout-flow wp-block-column-is-layout-flow\" style=\"flex-basis:66.66%\">\n<figure class=\"wp-block-audio\"><audio controls src=\"http:\/\/www.szuletik.hu\/wp-content\/uploads\/2025\/01\/05-MTU2024-Gulyas-Gabor_D.-Csaba.mp3\"><\/audio><\/figure>\n<\/div>\n<\/div>\n","protected":false},"excerpt":{"rendered":"<p>Debreceni Egyetem ETK esem\u00e9ny sor\u00e1ban hirdetj\u00fck&nbsp;meg a&nbsp;II. \u201eInnov\u00e1ci\u00f3s lehet\u0151s\u00e9gek \u00e9s aktualit\u00e1sok az iskolav\u00e9d\u0151n\u0151i ell\u00e1t\u00e1sban\u201d c\u00edm\u0171, 13 pontra&nbsp;akkredit\u00e1lt konferenci\u00e1t. Ny\u00edregyh\u00e1z\u00e1n, 2024.11. 20-\u00e1n&nbsp; V\u00e1rjuk a jelentkez\u0151ket, r\u00e9sztvev\u0151ket: a Magyar V\u00e9d\u0151n\u0151k Szakmai Sz\u00f6vets\u00e9ge&nbsp; \u00a0MEGH\u00cdV\u00d3 Felh\u00edv\u00e1s \u00e9s regisztr\u00e1ci\u00f3:&nbsp; https:\/\/konferencia.unideb.hu\/innovacios-lehetosegek-es-aktualitasok Az el\u0151ad\u00e1sokr\u00f3l k\u00e9sz\u00fclt hangfelv\u00e9telek: 0. K\u00f6sz\u00f6nt\u0151k 1. &#8211; R\u00f6szer Tam\u00e1s 2. &#8211;\u00a0V\u00e1rfalvi Marianna 3. &#8211;&#8230; <a class=\"continue-reading-link\" href=\"https:\/\/www.szuletik.hu\/?p=495\">Cikk folytat\u00e1sa&#8230; <span class=\"meta-nav\">&rarr; <\/span><\/a><\/p>\n","protected":false},"author":1,"featured_media":502,"comment_status":"closed","ping_status":"open","sticky":false,"template":"","format":"standard","meta":{"footnotes":""},"categories":[4],"tags":[],"class_list":["post-495","post","type-post","status-publish","format-standard","has-post-thumbnail","hentry","category-hireink"],"_links":{"self":[{"href":"https:\/\/www.szuletik.hu\/index.php?rest_route=\/wp\/v2\/posts\/495","targetHints":{"allow":["GET"]}}],"collection":[{"href":"https:\/\/www.szuletik.hu\/index.php?rest_route=\/wp\/v2\/posts"}],"about":[{"href":"https:\/\/www.szuletik.hu\/index.php?rest_route=\/wp\/v2\/types\/post"}],"author":[{"embeddable":true,"href":"https:\/\/www.szuletik.hu\/index.php?rest_route=\/wp\/v2\/users\/1"}],"replies":[{"embeddable":true,"href":"https:\/\/www.szuletik.hu\/index.php?rest_route=%2Fwp%2Fv2%2Fcomments&post=495"}],"version-history":[{"count":7,"href":"https:\/\/www.szuletik.hu\/index.php?rest_route=\/wp\/v2\/posts\/495\/revisions"}],"predecessor-version":[{"id":509,"href":"https:\/\/www.szuletik.hu\/index.php?rest_route=\/wp\/v2\/posts\/495\/revisions\/509"}],"wp:featuredmedia":[{"embeddable":true,"href":"https:\/\/www.szuletik.hu\/index.php?rest_route=\/wp\/v2\/media\/502"}],"wp:attachment":[{"href":"https:\/\/www.szuletik.hu\/index.php?rest_route=%2Fwp%2Fv2%2Fmedia&parent=495"}],"wp:term":[{"taxonomy":"category","embeddable":true,"href":"https:\/\/www.szuletik.hu\/index.php?rest_route=%2Fwp%2Fv2%2Fcategories&post=495"},{"taxonomy":"post_tag","embeddable":true,"href":"https:\/\/www.szuletik.hu\/index.php?rest_route=%2Fwp%2Fv2%2Ftags&post=495"}],"curies":[{"name":"wp","href":"https:\/\/api.w.org\/{rel}","templated":true}]}}