{"id":530,"date":"2025-03-04T18:16:07","date_gmt":"2025-03-04T18:16:07","guid":{"rendered":"https:\/\/www.szuletik.hu\/?p=530"},"modified":"2025-03-04T18:16:07","modified_gmt":"2025-03-04T18:16:07","slug":"dohanyzas-kerdoiv","status":"publish","type":"post","link":"https:\/\/www.szuletik.hu\/?p=530","title":{"rendered":"DOH\u00c1NYZ\u00c1S K\u00c9RD\u0150\u00cdV"},"content":{"rendered":"\n<p>V\u00e9d\u0151n\u0151k\u00e9rt, \u00faj sz\u00fcl\u0151k \u00e9s \u00fajsz\u00fcl\u00f6ttek\u00e9rt Alap\u00edtv\u00e1ny akt\u00edv \u00e9s innovat\u00edv szerepet t\u00f6lt be a lakoss\u00e1g \u00e9s k\u00fcl\u00f6n\u00f6sen a v\u00e1rand\u00f3s any\u00e1k, valamint csal\u00e1dtagjaik doh\u00e1nyz\u00e1s leszok\u00e1s t\u00e1mogat\u00e1s\u00e1ban. Szakmai-m\u00f3dszertani \u00e9s k\u00e9pz\u00e9si fejleszt\u00e9seket biztos\u00edt az eg\u00e9szs\u00e9g\u00fcgyi szakemberek, \u00edgy a v\u00e9d\u0151n\u0151k sz\u00e1m\u00e1ra. Az \u00fajabb fejleszt\u00e9shez\u00a0a doh\u00e1nyz\u00e1s gyakoris\u00e1g\u00e1t szeretn\u00e9nk megvizsg\u00e1lni K\u00e1rp\u00e1t-medence 5 nemzet r\u00e9sz\u00e9re kiterjed\u0151en a csal\u00e1dok k\u00f6r\u00e9ben az <strong><a href=\"https:\/\/www.szuletik.hu\/?page_id=515\" data-type=\"page\" data-id=\"515\">\u00f6nk\u00e9ntesen online kit\u00f6lthet\u0151 k\u00e9rd\u0151\u00edvvel<\/a><\/strong>.\u00a0\u00a0<\/p>\n\n\n\n<p>K\u00e9rj\u00fck egy\u00fcttm\u0171k\u00f6d\u00e9s\u00e9t abban, hogy \u0151szinte v\u00e1laszait megosztja vel\u00fcnk. A k\u00e9rd\u0151\u00edvet 2025. m\u00e1rcius 31-ig k\u00e9rj\u00fck kit\u00f6lteni.\u00a0<\/p>\n\n\n\n<p>J\u00f3 eg\u00e9szs\u00e9get k\u00edv\u00e1n:\u00a0<br>a V\u00e9d\u0151n\u0151k\u00e9rt, \u00faj sz\u00fcl\u0151k \u00e9s \u00fajsz\u00fcl\u00f6ttek\u00e9rt Alap\u00edtv\u00e1ny\u00a0<br><\/p>\n","protected":false},"excerpt":{"rendered":"<p>V\u00e9d\u0151n\u0151k\u00e9rt, \u00faj sz\u00fcl\u0151k \u00e9s \u00fajsz\u00fcl\u00f6ttek\u00e9rt Alap\u00edtv\u00e1ny akt\u00edv \u00e9s innovat\u00edv szerepet t\u00f6lt be a lakoss\u00e1g \u00e9s k\u00fcl\u00f6n\u00f6sen a v\u00e1rand\u00f3s any\u00e1k, valamint csal\u00e1dtagjaik doh\u00e1nyz\u00e1s leszok\u00e1s t\u00e1mogat\u00e1s\u00e1ban. Szakmai-m\u00f3dszertani \u00e9s k\u00e9pz\u00e9si fejleszt\u00e9seket biztos\u00edt az eg\u00e9szs\u00e9g\u00fcgyi szakemberek, \u00edgy a v\u00e9d\u0151n\u0151k sz\u00e1m\u00e1ra. Az \u00fajabb fejleszt\u00e9shez\u00a0a doh\u00e1nyz\u00e1s gyakoris\u00e1g\u00e1t szeretn\u00e9nk megvizsg\u00e1lni K\u00e1rp\u00e1t-medence 5 nemzet r\u00e9sz\u00e9re kiterjed\u0151en a csal\u00e1dok&#8230; <a class=\"continue-reading-link\" href=\"https:\/\/www.szuletik.hu\/?p=530\">Cikk folytat\u00e1sa&#8230; <span class=\"meta-nav\">&rarr; <\/span><\/a><\/p>\n","protected":false},"author":1,"featured_media":531,"comment_status":"closed","ping_status":"open","sticky":false,"template":"","format":"standard","meta":{"footnotes":""},"categories":[4],"tags":[],"class_list":["post-530","post","type-post","status-publish","format-standard","has-post-thumbnail","hentry","category-hireink"],"_links":{"self":[{"href":"https:\/\/www.szuletik.hu\/index.php?rest_route=\/wp\/v2\/posts\/530","targetHints":{"allow":["GET"]}}],"collection":[{"href":"https:\/\/www.szuletik.hu\/index.php?rest_route=\/wp\/v2\/posts"}],"about":[{"href":"https:\/\/www.szuletik.hu\/index.php?rest_route=\/wp\/v2\/types\/post"}],"author":[{"embeddable":true,"href":"https:\/\/www.szuletik.hu\/index.php?rest_route=\/wp\/v2\/users\/1"}],"replies":[{"embeddable":true,"href":"https:\/\/www.szuletik.hu\/index.php?rest_route=%2Fwp%2Fv2%2Fcomments&post=530"}],"version-history":[{"count":1,"href":"https:\/\/www.szuletik.hu\/index.php?rest_route=\/wp\/v2\/posts\/530\/revisions"}],"predecessor-version":[{"id":532,"href":"https:\/\/www.szuletik.hu\/index.php?rest_route=\/wp\/v2\/posts\/530\/revisions\/532"}],"wp:featuredmedia":[{"embeddable":true,"href":"https:\/\/www.szuletik.hu\/index.php?rest_route=\/wp\/v2\/media\/531"}],"wp:attachment":[{"href":"https:\/\/www.szuletik.hu\/index.php?rest_route=%2Fwp%2Fv2%2Fmedia&parent=530"}],"wp:term":[{"taxonomy":"category","embeddable":true,"href":"https:\/\/www.szuletik.hu\/index.php?rest_route=%2Fwp%2Fv2%2Fcategories&post=530"},{"taxonomy":"post_tag","embeddable":true,"href":"https:\/\/www.szuletik.hu\/index.php?rest_route=%2Fwp%2Fv2%2Ftags&post=530"}],"curies":[{"name":"wp","href":"https:\/\/api.w.org\/{rel}","templated":true}]}}